{"id":1563,"date":"2018-07-14T10:13:20","date_gmt":"2018-07-14T10:13:20","guid":{"rendered":"http:\/\/www.lesrivelades.com\/?p=1563"},"modified":"2018-07-14T10:13:20","modified_gmt":"2018-07-14T10:13:20","slug":"le-festival-afropunk-revient-a-paris-pour-sa-4e-edition","status":"publish","type":"post","link":"https:\/\/www.lesrivelades.com\/?p=1563","title":{"rendered":"Le festival Afropunk revient \u00e0 Paris pour sa 4e \u00e9dition !"},"content":{"rendered":"<p style=\"text-align: justify;\">Ce weekend du 14 juillet sera riche en festivit\u00e9s \u00e0 Paris. En effet, outre les festivit\u00e9s pr\u00e9vues pour le 14 juillet, le concert de Queen Bey et Jay Z avec leur OTR II tour, ainsi que la finale de la coupe du monde, Paris accueillera la 4e \u00e9dition du festival made in Brooklyn, Afropunk. Je vous avais d\u00e9j\u00e0 parl\u00e9 de ce festival alternatif lors de sa premi\u00e8re \u00e9dition parisienne sur le blog.<\/p>\n<p><a href=\"http:\/\/www.lesrivelades.com\/wp-content\/uploads\/2018\/07\/IMG_4967.jpg\"><img loading=\"lazy\" decoding=\"async\" class=\"aligncenter wp-image-1568\" src=\"http:\/\/www.lesrivelades.com\/wp-content\/uploads\/2018\/07\/IMG_4967-1024x683.jpg\" alt=\"\" width=\"500\" height=\"334\" srcset=\"https:\/\/www.lesrivelades.com\/wp-content\/uploads\/2018\/07\/IMG_4967-1024x683.jpg 1024w, https:\/\/www.lesrivelades.com\/wp-content\/uploads\/2018\/07\/IMG_4967-300x200.jpg 300w, https:\/\/www.lesrivelades.com\/wp-content\/uploads\/2018\/07\/IMG_4967-768x512.jpg 768w, https:\/\/www.lesrivelades.com\/wp-content\/uploads\/2018\/07\/IMG_4967.jpg 1280w\" sizes=\"auto, (max-width: 500px) 100vw, 500px\" \/><\/a><\/p>\n<p style=\"text-align: justify;\">Ce festival est n\u00e9 suite au retentissement du documentaire &#8220;Afro-punk&#8221; de James Spooner en 2003 et qui mettait en lumi\u00e8re la sc\u00e8ne punk afro-am\u00e9ricaine. Le premier festival Afropunk est alors organis\u00e9 en 2005 \u00e0 Brooklyn avec pour objectif, la c\u00e9l\u00e9bration de la culture alternative et punk afro-am\u00e9ricaine. Le festival programme donc majoritairement des artistes noirs, et m\u00eame si ce rassemblement est une vitrine pour la culture afro-descendante, il est\u00a0 absolument ouvert \u00e0 tous. Outre un programmation \u00e9clectique d&#8217;artistes venus du monde entier, le festival Afropunk v\u00e9hicule des messages sociaux et politiques d&#8217;\u00e9galit\u00e9 et de diversit\u00e9. Afropunk pr\u00f4ne la diff\u00e9rence et l&#8217;expression de soi. Avec plus de 90 000 spectateurs chaque ann\u00e9e \u00e0 Brooklyn, la version am\u00e9ricaine d&#8217;Afropunk a d\u00e9j\u00e0 attir\u00e9 de nombreux artistes prestigieux comme <em>Lauryn Hill<\/em>, <em>Lenny Karvitz<\/em>, <em>Grace Jones<\/em> ou encore <em>Kelis<\/em> pour ne citer qu&#8217;eux.<\/p>\n<p><a href=\"http:\/\/www.lesrivelades.com\/wp-content\/uploads\/2018\/07\/IMG_4974.jpg\"><img loading=\"lazy\" decoding=\"async\" class=\"aligncenter wp-image-1571\" src=\"http:\/\/www.lesrivelades.com\/wp-content\/uploads\/2018\/07\/IMG_4974-1024x576.jpg\" alt=\"\" width=\"500\" height=\"281\" srcset=\"https:\/\/www.lesrivelades.com\/wp-content\/uploads\/2018\/07\/IMG_4974-1024x576.jpg 1024w, https:\/\/www.lesrivelades.com\/wp-content\/uploads\/2018\/07\/IMG_4974-300x169.jpg 300w, https:\/\/www.lesrivelades.com\/wp-content\/uploads\/2018\/07\/IMG_4974-768x432.jpg 768w, https:\/\/www.lesrivelades.com\/wp-content\/uploads\/2018\/07\/IMG_4974.jpg 1200w\" sizes=\"auto, (max-width: 500px) 100vw, 500px\" \/><\/a><a href=\"http:\/\/www.lesrivelades.com\/wp-content\/uploads\/2018\/07\/IMG_4973.jpg\"><img loading=\"lazy\" decoding=\"async\" class=\"aligncenter wp-image-1570\" src=\"http:\/\/www.lesrivelades.com\/wp-content\/uploads\/2018\/07\/IMG_4973-1024x576.jpg\" alt=\"\" width=\"500\" height=\"281\" srcset=\"https:\/\/www.lesrivelades.com\/wp-content\/uploads\/2018\/07\/IMG_4973-1024x576.jpg 1024w, https:\/\/www.lesrivelades.com\/wp-content\/uploads\/2018\/07\/IMG_4973-300x169.jpg 300w, https:\/\/www.lesrivelades.com\/wp-content\/uploads\/2018\/07\/IMG_4973-768x432.jpg 768w, https:\/\/www.lesrivelades.com\/wp-content\/uploads\/2018\/07\/IMG_4973.jpg 1200w\" sizes=\"auto, (max-width: 500px) 100vw, 500px\" \/><\/a><\/p>\n<p style=\"text-align: justify;\">Cette ann\u00e9e la programmation s&#8217;annonce tr\u00e8s prestigieuse avec notamment la chanteuse de R&amp;B <em>SZA<\/em> que l&#8217;on a entendu derni\u00e8rement avec <em>Kendrick Lamar<\/em> sur la BO de Black Panther. A ses c\u00f4t\u00e9s, on retrouvera \u00e9galement la chanteuse soul <em>Nneka<\/em>, les rockeurs de <em>The No Face<\/em>, la djette parisienne <em>Anais B<\/em>, le roi de l&#8217;Afrobeat <em>Mr Eazy<\/em>, la rappeuse <em>Mahalia<\/em>. Tout cela pour samedi soir. Quant au programme du dimanche, il s&#8217;annonce tout aussi prometteur avec la pr\u00e9sence de l&#8217;immense <em>Maxwell<\/em>, de <em>Damian Marley<\/em> (fils de Bob Marley), de <em>Gary Clark Jr<\/em>, de <em>Trombone Shorty<\/em> ou encore le chanteur nig\u00e9rien <em>Davido<\/em>. Bref cette ann\u00e9e, le festival est encore mont\u00e9 d&#8217;un cran en termes de programmation pour le plus grand plaisir des festivaliers. Outre une programmation musicale tr\u00e8s qualitative, Afropunk est aussi un lieu d&#8217;entraide, d&#8217;\u00e9changes, de d\u00e9bats et de d\u00e9couvertes. Retrouvez donc sur place des stands de street food afro, ainsi que des cr\u00e9ateurs de fringues.<\/p>\n<p><a href=\"http:\/\/www.lesrivelades.com\/wp-content\/uploads\/2018\/07\/IMG_4968.jpg\"><img loading=\"lazy\" decoding=\"async\" class=\"aligncenter wp-image-1572\" src=\"http:\/\/www.lesrivelades.com\/wp-content\/uploads\/2018\/07\/IMG_4968-1024x683.jpg\" alt=\"\" width=\"500\" height=\"334\" srcset=\"https:\/\/www.lesrivelades.com\/wp-content\/uploads\/2018\/07\/IMG_4968-1024x683.jpg 1024w, https:\/\/www.lesrivelades.com\/wp-content\/uploads\/2018\/07\/IMG_4968-300x200.jpg 300w, https:\/\/www.lesrivelades.com\/wp-content\/uploads\/2018\/07\/IMG_4968-768x512.jpg 768w, https:\/\/www.lesrivelades.com\/wp-content\/uploads\/2018\/07\/IMG_4968.jpg 1280w\" sizes=\"auto, (max-width: 500px) 100vw, 500px\" \/><\/a><\/p>\n<p><a href=\"http:\/\/www.lesrivelades.com\/wp-content\/uploads\/2018\/07\/IMG_4971.jpg\"><img loading=\"lazy\" decoding=\"async\" class=\"aligncenter wp-image-1573\" src=\"http:\/\/www.lesrivelades.com\/wp-content\/uploads\/2018\/07\/IMG_4971-1024x683.jpg\" alt=\"\" width=\"500\" height=\"334\" srcset=\"https:\/\/www.lesrivelades.com\/wp-content\/uploads\/2018\/07\/IMG_4971-1024x683.jpg 1024w, https:\/\/www.lesrivelades.com\/wp-content\/uploads\/2018\/07\/IMG_4971-300x200.jpg 300w, https:\/\/www.lesrivelades.com\/wp-content\/uploads\/2018\/07\/IMG_4971-768x512.jpg 768w, https:\/\/www.lesrivelades.com\/wp-content\/uploads\/2018\/07\/IMG_4971.jpg 1280w\" sizes=\"auto, (max-width: 500px) 100vw, 500px\" \/><\/a><\/p>\n<p style=\"text-align: justify;\">Alors si vous fa\u00eetes un petit tour du c\u00f4te de la Villette, nous nous croiserons s\u00fbrement sur place durant ces 2 jours. Par ailleurs si vous h\u00e9sitez \u00e0 vous rendre sur le festival demain \u00e0 cause de la finale de foot, rassurez-vous, celle-ci sera diffus\u00e9e sur un \u00e9cran g\u00e9ant.<\/p>\n<p>&nbsp;<\/p>\n<p><strong>Infos pratiques\u00a0<\/strong><\/p>\n<p><a href=\"http:\/\/afropunkfest.com\/paris\/\">Afropunk Fest\u00a0<\/a><\/p>\n<p>Grande Halle de la Villette<\/p>\n<p>211 avenue Jean-Jaur\u00e8s, 75019 Paris<\/p>\n<p>14 et 15 juillet<\/p>\n\n\t\t<style>\n\t\t\t.huge-it-share-buttons {\n\t\t\t\tborder:0px solid #0FB5D6;\n\t\t\t\tborder-radius:5px;\n\t\t\t\tbackground:#3BD8FF;\n\t\t\t text-align:left; \t\t\t\t\t\t\t\t\t}\n\n\t\t\t#huge-it-share-buttons-top {margin-bottom:0px;}\n\t\t\t#huge-it-share-buttons-bottom {margin-top:0px;}\n\n\t\t\t.huge-it-share-buttons h3 {\n\t\t\t\tfont-size:25px ;\n\t\t\t\tfont-family:Arial,Helvetica Neue,Helvetica,sans-serif;\n\t\t\t\tcolor:#666666;\n\n\t\t\tdisplay:block;\t\t\t\tline-height:25px ;\n\n\t\t\t text-align:left; \t\t\t\t\t\t\t\t\t}\n\n\t\t\t.huge-it-share-buttons ul {\n\t\t\t float:left; \t\t\t\t\t\t\t\t\t}\n\n\t\t\t.huge-it-share-buttons ul li {\n\t\t\t\tmargin-left:3px;\n\t\t\t\tmargin-right:3px;\n\t\t\t\tpadding:0px;\n\t\t\t\tborder:0px ridge #E6354C;\n\t\t\t\tborder-radius:11px;\n\t\t\t\tbackground-color:#14CC9B;\n\t\t\t}\n\n\t\t\t.huge-it-share-buttons ul li #backforunical1563 {\n\t\t\t\tborder-bottom: 0;\n\t\t\t\tbackground-image:url('https:\/\/www.lesrivelades.com\/wp-content\/plugins\/wp-share-buttons\/Front_end\/..\/images\/buttons.30.png');\n\t\t\t\twidth:30px;\n\t\t\t\theight:30px;\n\t\t\t}\n\n\t\t\t.front-shares-count {\n\t\t\t\tposition: absolute;\n\t\t\t\ttext-align: center;\n\t\t\t\tdisplay: block;\n\t\t\t}\n\n\t\t\t.shares_size20 .front-shares-count {\n\t\t\t\tfont-size: 10px;\n\t\t\t\ttop: 10px;\n\t\t\t\twidth: 20px;\n\t\t\t}\n\n\t\t\t.shares_size30 .front-shares-count {\n\t\t\t\tfont-size: 11px;\n\t\t\t\ttop: 15px;\n\t\t\t\twidth: 30px;\n\t\t\t}\n\n\t\t\t.shares_size40 .front-shares-count {\n\t\t\t\tfont-size: 12px;\n\t\t\t\ttop: 21px;\n\t\t\t\twidth: 40px;\n\t\t\t}\n\t\t<\/style>\n\t\t\n\t\t<div id=\"huge-it-share-buttons-top\" class=\"huge-it-share-buttons nobackground\">\n\t\t\t<h3>Share This:<\/h3>\n\t\t\t<ul class=\"huge-it-share-buttons-list \">\n\t\t\t\t\t\t\t\t\t<li class=\"nobackground \" >\n\n\t\t\t\t\t\t\t\t\t\t\t\t<a id=\"backforunical1563\" href=\"https:\/\/www.facebook.com\/sharer\/sharer.php?u=www.lesrivelades.com\/index.php?rest_route=%2Fwp%2Fv2%2Fposts%2F1563\"  onclick=\"javascript:void window.open('https:\/\/www.facebook.com\/sharer\/sharer.php?u=www.lesrivelades.com\/index.php?rest_route=%2Fwp%2Fv2%2Fposts%2F1563','1410949501326','width=700,height=500,toolbar=0,menubar=0,location=0,status=1,scrollbars=1,resizable=1,left=0,top=0');return false;\" style=\"background-position: -0px -120px \"><\/a>\n\t\t\t\t\t<\/li>\n\t\t\t\t\t\t\t\t\t\t<li class=\"nobackground \" >\n\n\t\t\t\t\t\t\t\t\t\t\t\t<a id=\"backforunical1563\" href=\"https:\/\/twitter.com\/share?status=www.lesrivelades.com\/index.php?rest_route=%2Fwp%2Fv2%2Fposts%2F1563&text=Le festival Afropunk revient \u00e0 Paris pour sa 4e \u00e9dition !\"  onclick=\"javascript:void window.open('https:\/\/twitter.com\/share?status=www.lesrivelades.com\/index.php?rest_route=%2Fwp%2Fv2%2Fposts%2F1563&text=Le festival Afropunk revient \u00e0 Paris pour sa 4e \u00e9dition !','1410949501326','width=700,height=500,toolbar=0,menubar=0,location=0,status=1,scrollbars=1,resizable=1,left=0,top=0');return false;\" style=\"background-position: -30px -120px \"><\/a>\n\t\t\t\t\t<\/li>\n\t\t\t\t\t\t\t\t\t\t<li class=\"nobackground \" >\n\n\t\t\t\t\t\t\t\t\t\t\t\t<a id=\"backforunical1563\" href=\"http:\/\/www.pinterest.com\/pin\/create\/button\/?url=www.lesrivelades.com\/index.php?rest_route=%2Fwp%2Fv2%2Fposts%2F1563&media=https:\/\/www.lesrivelades.com\/wp-content\/plugins\/wp-share-buttons\/Front_end\/..\/images\/noimage.png&description=Le festival Afropunk revient \u00e0 Paris pour sa 4e \u00e9dition !\"  onclick=\"javascript:void window.open('http:\/\/www.pinterest.com\/pin\/create\/button\/?url=www.lesrivelades.com\/index.php?rest_route=%2Fwp%2Fv2%2Fposts%2F1563&media=https:\/\/www.lesrivelades.com\/wp-content\/plugins\/wp-share-buttons\/Front_end\/..\/images\/noimage.png&description=Le festival Afropunk revient \u00e0 Paris pour sa 4e \u00e9dition !','1410949501326','width=700,height=500,toolbar=0,menubar=0,location=0,status=1,scrollbars=1,resizable=1,left=0,top=0');return false;\" style=\"background-position: -60px -120px \"><\/a>\n\t\t\t\t\t<\/li>\n\t\t\t\t\t\t\t\t\t\t<li class=\"nobackground \" >\n\n\t\t\t\t\t\t\t\t\t\t\t\t<a id=\"backforunical1563\" href=\"https:\/\/plus.google.com\/share?url=www.lesrivelades.com\/index.php?rest_route=%2Fwp%2Fv2%2Fposts%2F1563\"  onclick=\"javascript:void window.open('https:\/\/plus.google.com\/share?url=www.lesrivelades.com\/index.php?rest_route=%2Fwp%2Fv2%2Fposts%2F1563','1410949501326','width=700,height=500,toolbar=0,menubar=0,location=0,status=1,scrollbars=1,resizable=1,left=0,top=0');return false;\" style=\"background-position: -90px -120px \"><\/a>\n\t\t\t\t\t<\/li>\n\t\t\t\t\t\t\t\t\t\t<li class=\"nobackground \" >\n\n\t\t\t\t\t\t\t\t\t\t\t\t<a id=\"backforunical1563\" href=\"https:\/\/www.linkedin.com\/shareArticle?title=Le festival Afropunk revient \u00e0 Paris pour sa 4e \u00e9dition !&mini=true&url=https:\/\/www.lesrivelades.com\/index.php?rest_route=%2Fwp%2Fv2%2Fposts%2F1563\"  onclick=\"javascript:void window.open('https:\/\/www.linkedin.com\/shareArticle?title=Le festival Afropunk revient \u00e0 Paris pour sa 4e \u00e9dition !&mini=true&url=https:\/\/www.lesrivelades.com\/index.php?rest_route=%2Fwp%2Fv2%2Fposts%2F1563','1410949501326','width=700,height=500,toolbar=0,menubar=0,location=0,status=1,scrollbars=1,resizable=1,left=0,top=0');return false;\" style=\"background-position: -120px -120px \"><\/a>\n\t\t\t\t\t<\/li>\n\t\t\t\t\t\t\t\t\t\t<li class=\"nobackground \" >\n\n\t\t\t\t\t\t\t\t\t\t\t\t<a id=\"backforunical1563\" href=\"https:\/\/www.tumblr.com\/share\/link?url=www.lesrivelades.com\/index.php?rest_route=%2Fwp%2Fv2%2Fposts%2F1563&name=Le festival Afropunk revient \u00e0 Paris pour sa 4e \u00e9dition !\"  onclick=\"javascript:void window.open('https:\/\/www.tumblr.com\/share\/link?url=www.lesrivelades.com\/index.php?rest_route=%2Fwp%2Fv2%2Fposts%2F1563&name=Le festival Afropunk revient \u00e0 Paris pour sa 4e \u00e9dition !','1410949501326','width=700,height=500,toolbar=0,menubar=0,location=0,status=1,scrollbars=1,resizable=1,left=0,top=0');return false;\" style=\"background-position: -150px -120px \"><\/a>\n\t\t\t\t\t<\/li>\n\t\t\t\t\t\t\t\t\t\t<li class=\"nobackground \" >\n\n\t\t\t\t\t\t\t\t\t\t\t\t<a id=\"backforunical1563\" href=\"http:\/\/digg.com\/submit?phase=2&url=www.lesrivelades.com\/index.php?rest_route=%2Fwp%2Fv2%2Fposts%2F1563&title=Le festival Afropunk revient \u00e0 Paris pour sa 4e \u00e9dition !\"  onclick=\"javascript:void window.open('http:\/\/digg.com\/submit?phase=2&url=www.lesrivelades.com\/index.php?rest_route=%2Fwp%2Fv2%2Fposts%2F1563&title=Le festival Afropunk revient \u00e0 Paris pour sa 4e \u00e9dition !','1410949501326','width=700,height=500,toolbar=0,menubar=0,location=0,status=1,scrollbars=1,resizable=1,left=0,top=0');return false;\" style=\"background-position: -180px -120px \"><\/a>\n\t\t\t\t\t<\/li>\n\t\t\t\t\t\t\t\t\t\t<li class=\"nobackground \" >\n\n\t\t\t\t\t\t\t\t\t\t\t\t<a id=\"backforunical1563\" href=\"http:\/\/www.stumbleupon.com\/submit?url=www.lesrivelades.com\/index.php?rest_route=%2Fwp%2Fv2%2Fposts%2F1563&title=Le festival Afropunk revient \u00e0 Paris pour sa 4e \u00e9dition !\"  onclick=\"javascript:void window.open('http:\/\/www.stumbleupon.com\/submit?url=www.lesrivelades.com\/index.php?rest_route=%2Fwp%2Fv2%2Fposts%2F1563&title=Le festival Afropunk revient \u00e0 Paris pour sa 4e \u00e9dition !','1410949501326','width=700,height=500,toolbar=0,menubar=0,location=0,status=1,scrollbars=1,resizable=1,left=0,top=0');return false;\" style=\"background-position: -210px -120px \"><\/a>\n\t\t\t\t\t<\/li>\n\t\t\t\t\t\t\t\t\t\t<li class=\"nobackground \" >\n\n\t\t\t\t\t\t\t\t\t\t\t\t<a id=\"backforunical1563\" href=\"https:\/\/myspace.com\/post?l=3&u=www.lesrivelades.com\/index.php?rest_route=%2Fwp%2Fv2%2Fposts%2F1563\"  onclick=\"javascript:void window.open('https:\/\/myspace.com\/post?l=3&u=www.lesrivelades.com\/index.php?rest_route=%2Fwp%2Fv2%2Fposts%2F1563','1410949501326','width=700,height=500,toolbar=0,menubar=0,location=0,status=1,scrollbars=1,resizable=1,left=0,top=0');return false;\" style=\"background-position: -240px -120px \"><\/a>\n\t\t\t\t\t<\/li>\n\t\t\t\t\t\t\t\t\t\t<li class=\"nobackground \" >\n\n\t\t\t\t\t\t\t\t\t\t\t\t<a id=\"backforunical1563\" href=\"http:\/\/vk.com\/share.php?url=www.lesrivelades.com\/index.php?rest_route=%2Fwp%2Fv2%2Fposts%2F1563&title=Le festival Afropunk revient \u00e0 Paris pour sa 4e \u00e9dition !\"  onclick=\"javascript:void window.open('http:\/\/vk.com\/share.php?url=www.lesrivelades.com\/index.php?rest_route=%2Fwp%2Fv2%2Fposts%2F1563&title=Le festival Afropunk revient \u00e0 Paris pour sa 4e \u00e9dition !','1410949501326','width=700,height=500,toolbar=0,menubar=0,location=0,status=1,scrollbars=1,resizable=1,left=0,top=0');return false;\" style=\"background-position: -270px -120px \"><\/a>\n\t\t\t\t\t<\/li>\n\t\t\t\t\t\t\t\t\t\t<li class=\"none nobackground \" >\n\n\t\t\t\t\t\t\t\t\t\t\t\t<a id=\"backforunical1563\" href=\"http:\/\/www.reddit.com\/submit?url=www.lesrivelades.com\/index.php?rest_route=%2Fwp%2Fv2%2Fposts%2F1563&title=Le festival Afropunk revient \u00e0 Paris pour sa 4e \u00e9dition !\"  onclick=\"javascript:void window.open('http:\/\/www.reddit.com\/submit?url=www.lesrivelades.com\/index.php?rest_route=%2Fwp%2Fv2%2Fposts%2F1563&title=Le festival Afropunk revient \u00e0 Paris pour sa 4e \u00e9dition !','1410949501326','width=700,height=500,toolbar=0,menubar=0,location=0,status=1,scrollbars=1,resizable=1,left=0,top=0');return false;\" style=\"background-position: -300px -120px \"><\/a>\n\t\t\t\t\t<\/li>\n\t\t\t\t\t\t\t\t\t\t<li class=\"none nobackground \" >\n\n\t\t\t\t\t\t\t\t\t\t\t\t<a id=\"backforunical1563\" href=\"http:\/\/www.bebo.com\/c\/share?Url=www.lesrivelades.com\/index.php?rest_route=%2Fwp%2Fv2%2Fposts%2F1563\"  onclick=\"javascript:void window.open('http:\/\/www.bebo.com\/c\/share?Url=www.lesrivelades.com\/index.php?rest_route=%2Fwp%2Fv2%2Fposts%2F1563','1410949501326','width=700,height=500,toolbar=0,menubar=0,location=0,status=1,scrollbars=1,resizable=1,left=0,top=0');return false;\" style=\"background-position: -330px -120px \"><\/a>\n\t\t\t\t\t<\/li>\n\t\t\t\t\t\t\t\t\t\t<li class=\"none nobackground \" >\n\n\t\t\t\t\t\t\t\t\t\t\t\t<a id=\"backforunical1563\" href=\"https:\/\/delicious.com\/save?v=5&noui&jump=close&url=www.lesrivelades.com\/index.php?rest_route=%2Fwp%2Fv2%2Fposts%2F1563&title=Le festival Afropunk revient \u00e0 Paris pour sa 4e \u00e9dition !\"  onclick=\"javascript:void window.open('https:\/\/delicious.com\/save?v=5&noui&jump=close&url=www.lesrivelades.com\/index.php?rest_route=%2Fwp%2Fv2%2Fposts%2F1563&title=Le festival Afropunk revient \u00e0 Paris pour sa 4e \u00e9dition !','1410949501326','width=700,height=500,toolbar=0,menubar=0,location=0,status=1,scrollbars=1,resizable=1,left=0,top=0');return false;\" style=\"background-position: -360px -120px \"><\/a>\n\t\t\t\t\t<\/li>\n\t\t\t\t\t\t\t\t\t\t<li class=\"none nobackground \" >\n\n\t\t\t\t\t\t\t\t\t\t\t\t<a id=\"backforunical1563\" href=\"http:\/\/www.odnoklassniki.ru\/dk?st.cmd=addShare&st.s=2&st.noresize=on&st._surl=www.lesrivelades.com\/index.php?rest_route=%2Fwp%2Fv2%2Fposts%2F1563\"  onclick=\"javascript:void window.open('http:\/\/www.odnoklassniki.ru\/dk?st.cmd=addShare&st.s=2&st.noresize=on&st._surl=www.lesrivelades.com\/index.php?rest_route=%2Fwp%2Fv2%2Fposts%2F1563','1410949501326','width=700,height=500,toolbar=0,menubar=0,location=0,status=1,scrollbars=1,resizable=1,left=0,top=0');return false;\" style=\"background-position: -390px -120px \"><\/a>\n\t\t\t\t\t<\/li>\n\t\t\t\t\t\t\t\t\t\t<li class=\"none nobackground \" >\n\n\t\t\t\t\t\t\t\t\t\t\t\t<a id=\"backforunical1563\" href=\"http:\/\/sns.qzone.qq.com\/cgi-bin\/qzshare\/cgi_qzshare_onekey?url=www.lesrivelades.com\/index.php?rest_route=%2Fwp%2Fv2%2Fposts%2F1563&title=Le festival Afropunk revient \u00e0 Paris pour sa 4e \u00e9dition !\"  onclick=\"javascript:void window.open('http:\/\/sns.qzone.qq.com\/cgi-bin\/qzshare\/cgi_qzshare_onekey?url=www.lesrivelades.com\/index.php?rest_route=%2Fwp%2Fv2%2Fposts%2F1563&title=Le festival Afropunk revient \u00e0 Paris pour sa 4e \u00e9dition !','1410949501326','width=700,height=500,toolbar=0,menubar=0,location=0,status=1,scrollbars=1,resizable=1,left=0,top=0');return false;\" style=\"background-position: -420px -120px \"><\/a>\n\t\t\t\t\t<\/li>\n\t\t\t\t\t\t\t\t\t\t<li class=\"none nobackground \" >\n\n\t\t\t\t\t\t\t\t\t\t\t\t<a id=\"backforunical1563\" href=\"http:\/\/service.weibo.com\/share\/share.php?url=www.lesrivelades.com\/index.php?rest_route=%2Fwp%2Fv2%2Fposts%2F1563&appkey=&title=Le festival Afropunk revient \u00e0 Paris pour sa 4e \u00e9dition !&pic=&ralateUid=&\"  onclick=\"javascript:void window.open('http:\/\/service.weibo.com\/share\/share.php?url=www.lesrivelades.com\/index.php?rest_route=%2Fwp%2Fv2%2Fposts%2F1563&appkey=&title=Le festival Afropunk revient \u00e0 Paris pour sa 4e \u00e9dition !&pic=&ralateUid=&','1410949501326','width=700,height=500,toolbar=0,menubar=0,location=0,status=1,scrollbars=1,resizable=1,left=0,top=0');return false;\" style=\"background-position: -450px -120px \"><\/a>\n\t\t\t\t\t<\/li>\n\t\t\t\t\t\t\t\t\t\t<li class=\"none nobackground \" >\n\n\t\t\t\t\t\t\t\t\t\t\t\t<a id=\"backforunical1563\" href=\"http:\/\/widget.renren.com\/dialog\/share?resourceUrl=www.lesrivelades.com\/index.php?rest_route=%2Fwp%2Fv2%2Fposts%2F1563&srcUrl=www.lesrivelades.com\/index.php?rest_route=%2Fwp%2Fv2%2Fposts%2F1563&title=Le festival Afropunk revient \u00e0 Paris pour sa 4e \u00e9dition !\"  onclick=\"javascript:void window.open('http:\/\/widget.renren.com\/dialog\/share?resourceUrl=www.lesrivelades.com\/index.php?rest_route=%2Fwp%2Fv2%2Fposts%2F1563&srcUrl=www.lesrivelades.com\/index.php?rest_route=%2Fwp%2Fv2%2Fposts%2F1563&title=Le festival Afropunk revient \u00e0 Paris pour sa 4e \u00e9dition !','1410949501326','width=700,height=500,toolbar=0,menubar=0,location=0,status=1,scrollbars=1,resizable=1,left=0,top=0');return false;\" style=\"background-position: -480px -120px \"><\/a>\n\t\t\t\t\t<\/li>\n\t\t\t\t\t\t\t\t\t\t<li class=\"none nobackground \" >\n\n\t\t\t\t\t\t\t\t\t\t\t\t<a id=\"backforunical1563\" href=\"http:\/\/n4g.com\/tips?url=www.lesrivelades.com\/index.php?rest_route=%2Fwp%2Fv2%2Fposts%2F1563&title=Le festival Afropunk revient \u00e0 Paris pour sa 4e \u00e9dition !\"  onclick=\"javascript:void window.open('http:\/\/n4g.com\/tips?url=www.lesrivelades.com\/index.php?rest_route=%2Fwp%2Fv2%2Fposts%2F1563&title=Le festival Afropunk revient \u00e0 Paris pour sa 4e \u00e9dition !','1410949501326','width=700,height=500,toolbar=0,menubar=0,location=0,status=1,scrollbars=1,resizable=1,left=0,top=0');return false;\" style=\"background-position: -510px -120px \"><\/a>\n\t\t\t\t\t<\/li>\n\t\t\t\t\t\t\t\t<\/ul>\n\t\t\t<div class=\"clear\"><\/div>\n\t\t<\/div>\n\t\t","protected":false},"excerpt":{"rendered":"<p>Ce weekend du 14 juillet sera riche en festivit\u00e9s \u00e0 Paris. En effet, outre les festivit\u00e9s pr\u00e9vues pour le 14 juillet, le concert de Queen Bey et Jay Z avec leur OTR II tour, ainsi&hellip;<\/p>\n","protected":false},"author":1,"featured_media":0,"comment_status":"open","ping_status":"open","sticky":false,"template":"","format":"standard","meta":{"_exactmetrics_skip_tracking":false,"_exactmetrics_sitenote_active":false,"_exactmetrics_sitenote_note":"","_exactmetrics_sitenote_category":0,"footnotes":""},"categories":[234],"tags":[314,40,41],"class_list":["post-1563","post","type-post","status-publish","format-standard","hentry","category-culture","tag-afropunk-fest","tag-afropunk-festival","tag-afropunk-paris"],"_links":{"self":[{"href":"https:\/\/www.lesrivelades.com\/index.php?rest_route=\/wp\/v2\/posts\/1563","targetHints":{"allow":["GET"]}}],"collection":[{"href":"https:\/\/www.lesrivelades.com\/index.php?rest_route=\/wp\/v2\/posts"}],"about":[{"href":"https:\/\/www.lesrivelades.com\/index.php?rest_route=\/wp\/v2\/types\/post"}],"author":[{"embeddable":true,"href":"https:\/\/www.lesrivelades.com\/index.php?rest_route=\/wp\/v2\/users\/1"}],"replies":[{"embeddable":true,"href":"https:\/\/www.lesrivelades.com\/index.php?rest_route=%2Fwp%2Fv2%2Fcomments&post=1563"}],"version-history":[{"count":5,"href":"https:\/\/www.lesrivelades.com\/index.php?rest_route=\/wp\/v2\/posts\/1563\/revisions"}],"predecessor-version":[{"id":1574,"href":"https:\/\/www.lesrivelades.com\/index.php?rest_route=\/wp\/v2\/posts\/1563\/revisions\/1574"}],"wp:attachment":[{"href":"https:\/\/www.lesrivelades.com\/index.php?rest_route=%2Fwp%2Fv2%2Fmedia&parent=1563"}],"wp:term":[{"taxonomy":"category","embeddable":true,"href":"https:\/\/www.lesrivelades.com\/index.php?rest_route=%2Fwp%2Fv2%2Fcategories&post=1563"},{"taxonomy":"post_tag","embeddable":true,"href":"https:\/\/www.lesrivelades.com\/index.php?rest_route=%2Fwp%2Fv2%2Ftags&post=1563"}],"curies":[{"name":"wp","href":"https:\/\/api.w.org\/{rel}","templated":true}]}}