{"id":348,"date":"2015-07-19T12:43:52","date_gmt":"2015-07-19T12:43:52","guid":{"rendered":"http:\/\/www.lesrivelades.com\/?p=348"},"modified":"2017-02-12T18:44:34","modified_gmt":"2017-02-12T18:44:34","slug":"du-22-juillet-au-23-aout-prenez-lair-au-cinema-de-la-villette","status":"publish","type":"post","link":"https:\/\/www.lesrivelades.com\/?p=348","title":{"rendered":"Du 22 juillet au 23 ao\u00fbt, prenez l\u2019air au cin\u00e9ma de la Villette !"},"content":{"rendered":"<p>Cette semaine je vais vous proposer un bon plan gratuit \u00e0 faire sur Paris, il s\u2019agit du cin\u00e9ma en plein air de la Villette. Le traditionnel cin\u00e9ma en plein air reprend ses quartiers d\u2019\u00e9t\u00e9 du 23 juillet au 23 ao\u00fbt sur la grande pelouse de la Villette pour sa 25<sup>\u00e8me<\/sup> \u00e9dition. Un mois durant lequel vous aurez droit \u00e0 des projections gratuites sur le th\u00e8me cette ann\u00e9e du, \u00ab\u00a0home cinema\u00a0\u00bb et du \u00ab\u00a0bien chez soi\u00a0\u00bb. Au programme donc, une s\u00e9lection de films autour d\u2019une ambiance de huis clos avec la maison hant\u00e9e, la maison close et la maison magique.<\/p>\n<p>Assis dans l\u2019herbe ou sur un transat que vous aurez la possibilit\u00e9 de louer 7 euros, venez d\u00e9couvrir une s\u00e9lection de films en VO sous-titr\u00e9s en fran\u00e7ais tout en profitant de belles soir\u00e9es d\u2019\u00e9t\u00e9. D\u2019ailleurs \u00e0 ce propos, pour l\u2019avoir exp\u00e9riment\u00e9 les ann\u00e9es pr\u00e9c\u00e9dentes, je vous conseille d\u2019arriver assez t\u00f4t et de commencer par un pique-nique en attendant le film, ainsi vous pourrez b\u00e9n\u00e9ficier d\u2019une bonne place car la pelouse se remplit assez vite.<\/p>\n<p>Niveau programmation, il y en aura pour tous les go\u00fbts avec une proposition \u00e9clectique. Vous aurez droit \u00e0 du thriller, de l\u2019horreur, de l\u2019animation ou encore du cin\u00e9ma d\u2019auteur.<\/p>\n<p>Voici le programme complet\u00a0:<\/p>\n<p><strong>Mercredi 22 juillet<\/strong><\/p>\n<ul>\n<li><em>The Ghost Writer, <\/em>Roman Polanski<\/li>\n<\/ul>\n<p><strong>Jeudi 23 juillet<\/strong><\/p>\n<ul>\n<li><em>Le Ch\u00e2teau dans le ciel, <\/em>Hayao Miyasaki<\/li>\n<\/ul>\n<p><strong>Vendredi 24 juillet<\/strong><\/p>\n<ul>\n<li><em>Ressources Humaines, <\/em>Laurent Cantet<\/li>\n<\/ul>\n<p><strong>Samedi 25 juillet<\/strong><\/p>\n<ul>\n<li><em>Devdas, <\/em>Leela Bhansali Sanjai<\/li>\n<\/ul>\n<p><strong>Dimanche 26 juillet<\/strong><\/p>\n<ul>\n<li><em>Rebecca<\/em>, Alfred Hitchcock<\/li>\n<\/ul>\n<p><strong>Mercredi 29 juillet<\/strong><\/p>\n<ul>\n<li><em>Loin du Paradis, <\/em>Todd Haynes<\/li>\n<\/ul>\n<p><strong>Jeudi 30 juillet<\/strong><\/p>\n<ul>\n<li><em>L\u2019Apollonide\u00a0: Souvenirs de la maison close<\/em>, Bertrand Bonello<\/li>\n<\/ul>\n<p><strong>Vendredi 31 juillet<\/strong><\/p>\n<ul>\n<li><em>Cach\u00e9, <\/em>Mickael Haneke<\/li>\n<\/ul>\n<p><strong>Samedi 1<sup>er<\/sup> ao\u00fbt <\/strong><\/p>\n<ul>\n<li><em>Take Shelter, <\/em>Jeff Nichols<\/li>\n<\/ul>\n<p><strong>Dimanche 2 ao\u00fbt <\/strong><\/p>\n<ul>\n<li><em>La Gar\u00e7onni\u00e8re, <\/em>Billy Wilder<\/li>\n<\/ul>\n<p><strong>Mercredi 5 ao\u00fbt<\/strong><\/p>\n<ul>\n<li><em>Woody et les robots, <\/em>Woody Allen<\/li>\n<\/ul>\n<p><strong>Jeudi 6 ao\u00fbt<\/strong><\/p>\n<ul>\n<li><em>Last Days, <\/em>Gus Van Sant<\/li>\n<\/ul>\n<p><strong>Vendredi 7 ao\u00fbt<\/strong><\/p>\n<ul>\n<li><em>Le M\u00e9pris, <\/em>Jean-Luc Godard<\/li>\n<\/ul>\n<p><strong>Samedi 8 ao\u00fbt<\/strong><\/p>\n<ul>\n<li><em>Beetlejuice, <\/em>Tim Burton<\/li>\n<\/ul>\n<p><strong>Dimanche 9 ao\u00fbt<\/strong><\/p>\n<ul>\n<li><em>Hantise, <\/em>Georges Cukor<\/li>\n<\/ul>\n<p><strong>Mercredi 12 ao\u00fbt<\/strong><\/p>\n<ul>\n<li><em>Inside Llewyn Davis, <\/em>Joel et Ethan Cohen<\/li>\n<\/ul>\n<p><strong>Jeudi 13 ao\u00fbt<\/strong><\/p>\n<ul>\n<li><em>Louise Wimmer, <\/em>Cyril Mennegun<\/li>\n<\/ul>\n<p><strong>Vendredi 14 ao\u00fbt<\/strong><\/p>\n<ul>\n<li><em>Des hommes et des dieux, <\/em>Xavier Beauvois<\/li>\n<\/ul>\n<p><strong>Samedi 15 ao\u00fbt<\/strong><\/p>\n<ul>\n<li><em>Shutter Island, <\/em>Martin Scorsese<\/li>\n<\/ul>\n<p><strong>Dimanche 16 ao\u00fbt <\/strong><\/p>\n<ul>\n<li><em>L\u2019Aventure de Madame Muir, <\/em>Joseph L. Mankiewicz<\/li>\n<\/ul>\n<p><strong>Mercredi 19 ao\u00fbt<\/strong><\/p>\n<ul>\n<li><em>La Cit\u00e9 interdite, <\/em>Zhang Yimou<\/li>\n<\/ul>\n<p><strong>Jeudi 20 ao\u00fbt<\/strong><\/p>\n<ul>\n<li><em>K\u00e9rity, la maison des contes, <\/em>Dominique Monf\u00e9ry<\/li>\n<\/ul>\n<p><strong>Vendredi 21 ao\u00fbt<\/strong><\/p>\n<ul>\n<li><em>Mon oncle, <\/em>Jacques Tati<\/li>\n<\/ul>\n<p><strong>Samedi 22 ao\u00fbt<\/strong><\/p>\n<ul>\n<li><em>Shining, <\/em>Stanley Kubrick<\/li>\n<\/ul>\n<p><strong>Dimanche 23 ao\u00fbt<\/strong><\/p>\n<ul>\n<li><em>Moulin Rouge, <\/em>Baz Luhrmann<\/li>\n<\/ul>\n<figure id=\"attachment_349\" aria-describedby=\"caption-attachment-349\" style=\"width: 300px\" class=\"wp-caption alignnone\"><a href=\"http:\/\/www.lesrivelades.com\/wp-content\/uploads\/2015\/07\/FullSizeRender1.jpg\"><img loading=\"lazy\" decoding=\"async\" class=\"size-medium wp-image-349\" src=\"http:\/\/www.lesrivelades.com\/wp-content\/uploads\/2015\/07\/FullSizeRender1-300x183.jpg\" alt=\"Cr\u00e9dit photo Lavillette.com\" width=\"300\" height=\"183\" srcset=\"https:\/\/www.lesrivelades.com\/wp-content\/uploads\/2015\/07\/FullSizeRender1-300x183.jpg 300w, https:\/\/www.lesrivelades.com\/wp-content\/uploads\/2015\/07\/FullSizeRender1.jpg 640w\" sizes=\"auto, (max-width: 300px) 100vw, 300px\" \/><\/a><figcaption id=\"caption-attachment-349\" class=\"wp-caption-text\">Cr\u00e9dit photo Lavillette.com<\/figcaption><\/figure>\n<p><strong><em><span style=\"text-decoration: underline;\">Informations pratiques :<\/span><\/em><\/strong><\/p>\n<p><a href=\"http:\/\/lavillette.com\/evenement\/cinema-en-plein-air-home-cinema\/\"><em>Cin\u00e9ma en plein air \u00e0 la Villette 2015<\/em><\/a><br \/>\n<em>Du 22 juillet au 23 ao\u00fbt 2015<\/em><br \/>\n<em>Du mercredi au dimanche \u00e0 la tomb\u00e9e de la nuit<\/em> <em>(autour de 22h)<\/em><br \/>\n<em>En acc\u00e8s libre<\/em><br \/>\n<em>Location de transat<\/em><br \/>\n<em>Plein tarif 7 \u20ac<\/em><br \/>\n<em>Gratuit avec la Carte Villette<\/em><br \/>\n<em>Forfait 5 transats 20 \u20ac<\/em><\/p>\n\n\t\t<style>\n\t\t\t.huge-it-share-buttons {\n\t\t\t\tborder:0px solid #0FB5D6;\n\t\t\t\tborder-radius:5px;\n\t\t\t\tbackground:#3BD8FF;\n\t\t\t text-align:left; \t\t\t\t\t\t\t\t\t}\n\n\t\t\t#huge-it-share-buttons-top {margin-bottom:0px;}\n\t\t\t#huge-it-share-buttons-bottom {margin-top:0px;}\n\n\t\t\t.huge-it-share-buttons h3 {\n\t\t\t\tfont-size:25px ;\n\t\t\t\tfont-family:Arial,Helvetica Neue,Helvetica,sans-serif;\n\t\t\t\tcolor:#666666;\n\n\t\t\tdisplay:block;\t\t\t\tline-height:25px ;\n\n\t\t\t text-align:left; \t\t\t\t\t\t\t\t\t}\n\n\t\t\t.huge-it-share-buttons ul {\n\t\t\t float:left; \t\t\t\t\t\t\t\t\t}\n\n\t\t\t.huge-it-share-buttons ul li {\n\t\t\t\tmargin-left:3px;\n\t\t\t\tmargin-right:3px;\n\t\t\t\tpadding:0px;\n\t\t\t\tborder:0px ridge #E6354C;\n\t\t\t\tborder-radius:11px;\n\t\t\t\tbackground-color:#14CC9B;\n\t\t\t}\n\n\t\t\t.huge-it-share-buttons ul li #backforunical348 {\n\t\t\t\tborder-bottom: 0;\n\t\t\t\tbackground-image:url('https:\/\/www.lesrivelades.com\/wp-content\/plugins\/wp-share-buttons\/Front_end\/..\/images\/buttons.30.png');\n\t\t\t\twidth:30px;\n\t\t\t\theight:30px;\n\t\t\t}\n\n\t\t\t.front-shares-count {\n\t\t\t\tposition: absolute;\n\t\t\t\ttext-align: center;\n\t\t\t\tdisplay: block;\n\t\t\t}\n\n\t\t\t.shares_size20 .front-shares-count {\n\t\t\t\tfont-size: 10px;\n\t\t\t\ttop: 10px;\n\t\t\t\twidth: 20px;\n\t\t\t}\n\n\t\t\t.shares_size30 .front-shares-count {\n\t\t\t\tfont-size: 11px;\n\t\t\t\ttop: 15px;\n\t\t\t\twidth: 30px;\n\t\t\t}\n\n\t\t\t.shares_size40 .front-shares-count {\n\t\t\t\tfont-size: 12px;\n\t\t\t\ttop: 21px;\n\t\t\t\twidth: 40px;\n\t\t\t}\n\t\t<\/style>\n\t\t\n\t\t<div id=\"huge-it-share-buttons-top\" class=\"huge-it-share-buttons nobackground\">\n\t\t\t<h3>Share This:<\/h3>\n\t\t\t<ul class=\"huge-it-share-buttons-list \">\n\t\t\t\t\t\t\t\t\t<li class=\"nobackground \" >\n\n\t\t\t\t\t\t\t\t\t\t\t\t<a id=\"backforunical348\" href=\"https:\/\/www.facebook.com\/sharer\/sharer.php?u=www.lesrivelades.com\/index.php?rest_route=%2Fwp%2Fv2%2Fposts%2F348\"  onclick=\"javascript:void window.open('https:\/\/www.facebook.com\/sharer\/sharer.php?u=www.lesrivelades.com\/index.php?rest_route=%2Fwp%2Fv2%2Fposts%2F348','1410949501326','width=700,height=500,toolbar=0,menubar=0,location=0,status=1,scrollbars=1,resizable=1,left=0,top=0');return false;\" style=\"background-position: -0px -120px \"><\/a>\n\t\t\t\t\t<\/li>\n\t\t\t\t\t\t\t\t\t\t<li class=\"nobackground \" >\n\n\t\t\t\t\t\t\t\t\t\t\t\t<a id=\"backforunical348\" href=\"https:\/\/twitter.com\/share?status=www.lesrivelades.com\/index.php?rest_route=%2Fwp%2Fv2%2Fposts%2F348&text=Du 22 juillet au 23 ao\u00fbt, prenez l\u2019air au cin\u00e9ma de la Villette !\"  onclick=\"javascript:void window.open('https:\/\/twitter.com\/share?status=www.lesrivelades.com\/index.php?rest_route=%2Fwp%2Fv2%2Fposts%2F348&text=Du 22 juillet au 23 ao\u00fbt, prenez l\u2019air au cin\u00e9ma de la Villette !','1410949501326','width=700,height=500,toolbar=0,menubar=0,location=0,status=1,scrollbars=1,resizable=1,left=0,top=0');return false;\" style=\"background-position: -30px -120px \"><\/a>\n\t\t\t\t\t<\/li>\n\t\t\t\t\t\t\t\t\t\t<li class=\"nobackground \" >\n\n\t\t\t\t\t\t\t\t\t\t\t\t<a id=\"backforunical348\" href=\"http:\/\/www.pinterest.com\/pin\/create\/button\/?url=www.lesrivelades.com\/index.php?rest_route=%2Fwp%2Fv2%2Fposts%2F348&media=https:\/\/www.lesrivelades.com\/wp-content\/plugins\/wp-share-buttons\/Front_end\/..\/images\/noimage.png&description=Du 22 juillet au 23 ao\u00fbt, prenez l\u2019air au cin\u00e9ma de la Villette !\"  onclick=\"javascript:void window.open('http:\/\/www.pinterest.com\/pin\/create\/button\/?url=www.lesrivelades.com\/index.php?rest_route=%2Fwp%2Fv2%2Fposts%2F348&media=https:\/\/www.lesrivelades.com\/wp-content\/plugins\/wp-share-buttons\/Front_end\/..\/images\/noimage.png&description=Du 22 juillet au 23 ao\u00fbt, prenez l\u2019air au cin\u00e9ma de la Villette !','1410949501326','width=700,height=500,toolbar=0,menubar=0,location=0,status=1,scrollbars=1,resizable=1,left=0,top=0');return false;\" style=\"background-position: -60px -120px \"><\/a>\n\t\t\t\t\t<\/li>\n\t\t\t\t\t\t\t\t\t\t<li class=\"nobackground \" >\n\n\t\t\t\t\t\t\t\t\t\t\t\t<a id=\"backforunical348\" href=\"https:\/\/plus.google.com\/share?url=www.lesrivelades.com\/index.php?rest_route=%2Fwp%2Fv2%2Fposts%2F348\"  onclick=\"javascript:void window.open('https:\/\/plus.google.com\/share?url=www.lesrivelades.com\/index.php?rest_route=%2Fwp%2Fv2%2Fposts%2F348','1410949501326','width=700,height=500,toolbar=0,menubar=0,location=0,status=1,scrollbars=1,resizable=1,left=0,top=0');return false;\" style=\"background-position: -90px -120px \"><\/a>\n\t\t\t\t\t<\/li>\n\t\t\t\t\t\t\t\t\t\t<li class=\"nobackground \" >\n\n\t\t\t\t\t\t\t\t\t\t\t\t<a id=\"backforunical348\" href=\"https:\/\/www.linkedin.com\/shareArticle?title=Du 22 juillet au 23 ao\u00fbt, prenez l\u2019air au cin\u00e9ma de la Villette !&mini=true&url=https:\/\/www.lesrivelades.com\/index.php?rest_route=%2Fwp%2Fv2%2Fposts%2F348\"  onclick=\"javascript:void window.open('https:\/\/www.linkedin.com\/shareArticle?title=Du 22 juillet au 23 ao\u00fbt, prenez l\u2019air au cin\u00e9ma de la Villette !&mini=true&url=https:\/\/www.lesrivelades.com\/index.php?rest_route=%2Fwp%2Fv2%2Fposts%2F348','1410949501326','width=700,height=500,toolbar=0,menubar=0,location=0,status=1,scrollbars=1,resizable=1,left=0,top=0');return false;\" style=\"background-position: -120px -120px \"><\/a>\n\t\t\t\t\t<\/li>\n\t\t\t\t\t\t\t\t\t\t<li class=\"nobackground \" >\n\n\t\t\t\t\t\t\t\t\t\t\t\t<a id=\"backforunical348\" href=\"https:\/\/www.tumblr.com\/share\/link?url=www.lesrivelades.com\/index.php?rest_route=%2Fwp%2Fv2%2Fposts%2F348&name=Du 22 juillet au 23 ao\u00fbt, prenez l\u2019air au cin\u00e9ma de la Villette !\"  onclick=\"javascript:void window.open('https:\/\/www.tumblr.com\/share\/link?url=www.lesrivelades.com\/index.php?rest_route=%2Fwp%2Fv2%2Fposts%2F348&name=Du 22 juillet au 23 ao\u00fbt, prenez l\u2019air au cin\u00e9ma de la Villette !','1410949501326','width=700,height=500,toolbar=0,menubar=0,location=0,status=1,scrollbars=1,resizable=1,left=0,top=0');return false;\" style=\"background-position: -150px -120px \"><\/a>\n\t\t\t\t\t<\/li>\n\t\t\t\t\t\t\t\t\t\t<li class=\"nobackground \" >\n\n\t\t\t\t\t\t\t\t\t\t\t\t<a id=\"backforunical348\" href=\"http:\/\/digg.com\/submit?phase=2&url=www.lesrivelades.com\/index.php?rest_route=%2Fwp%2Fv2%2Fposts%2F348&title=Du 22 juillet au 23 ao\u00fbt, prenez l\u2019air au cin\u00e9ma de la Villette !\"  onclick=\"javascript:void window.open('http:\/\/digg.com\/submit?phase=2&url=www.lesrivelades.com\/index.php?rest_route=%2Fwp%2Fv2%2Fposts%2F348&title=Du 22 juillet au 23 ao\u00fbt, prenez l\u2019air au cin\u00e9ma de la Villette !','1410949501326','width=700,height=500,toolbar=0,menubar=0,location=0,status=1,scrollbars=1,resizable=1,left=0,top=0');return false;\" style=\"background-position: -180px -120px \"><\/a>\n\t\t\t\t\t<\/li>\n\t\t\t\t\t\t\t\t\t\t<li class=\"nobackground \" >\n\n\t\t\t\t\t\t\t\t\t\t\t\t<a id=\"backforunical348\" href=\"http:\/\/www.stumbleupon.com\/submit?url=www.lesrivelades.com\/index.php?rest_route=%2Fwp%2Fv2%2Fposts%2F348&title=Du 22 juillet au 23 ao\u00fbt, prenez l\u2019air au cin\u00e9ma de la Villette !\"  onclick=\"javascript:void window.open('http:\/\/www.stumbleupon.com\/submit?url=www.lesrivelades.com\/index.php?rest_route=%2Fwp%2Fv2%2Fposts%2F348&title=Du 22 juillet au 23 ao\u00fbt, prenez l\u2019air au cin\u00e9ma de la Villette !','1410949501326','width=700,height=500,toolbar=0,menubar=0,location=0,status=1,scrollbars=1,resizable=1,left=0,top=0');return false;\" style=\"background-position: -210px -120px \"><\/a>\n\t\t\t\t\t<\/li>\n\t\t\t\t\t\t\t\t\t\t<li class=\"nobackground \" >\n\n\t\t\t\t\t\t\t\t\t\t\t\t<a id=\"backforunical348\" href=\"https:\/\/myspace.com\/post?l=3&u=www.lesrivelades.com\/index.php?rest_route=%2Fwp%2Fv2%2Fposts%2F348\"  onclick=\"javascript:void window.open('https:\/\/myspace.com\/post?l=3&u=www.lesrivelades.com\/index.php?rest_route=%2Fwp%2Fv2%2Fposts%2F348','1410949501326','width=700,height=500,toolbar=0,menubar=0,location=0,status=1,scrollbars=1,resizable=1,left=0,top=0');return false;\" style=\"background-position: -240px -120px \"><\/a>\n\t\t\t\t\t<\/li>\n\t\t\t\t\t\t\t\t\t\t<li class=\"nobackground \" >\n\n\t\t\t\t\t\t\t\t\t\t\t\t<a id=\"backforunical348\" href=\"http:\/\/vk.com\/share.php?url=www.lesrivelades.com\/index.php?rest_route=%2Fwp%2Fv2%2Fposts%2F348&title=Du 22 juillet au 23 ao\u00fbt, prenez l\u2019air au cin\u00e9ma de la Villette !\"  onclick=\"javascript:void window.open('http:\/\/vk.com\/share.php?url=www.lesrivelades.com\/index.php?rest_route=%2Fwp%2Fv2%2Fposts%2F348&title=Du 22 juillet au 23 ao\u00fbt, prenez l\u2019air au cin\u00e9ma de la Villette !','1410949501326','width=700,height=500,toolbar=0,menubar=0,location=0,status=1,scrollbars=1,resizable=1,left=0,top=0');return false;\" style=\"background-position: -270px -120px \"><\/a>\n\t\t\t\t\t<\/li>\n\t\t\t\t\t\t\t\t\t\t<li class=\"none nobackground \" >\n\n\t\t\t\t\t\t\t\t\t\t\t\t<a id=\"backforunical348\" href=\"http:\/\/www.reddit.com\/submit?url=www.lesrivelades.com\/index.php?rest_route=%2Fwp%2Fv2%2Fposts%2F348&title=Du 22 juillet au 23 ao\u00fbt, prenez l\u2019air au cin\u00e9ma de la Villette !\"  onclick=\"javascript:void window.open('http:\/\/www.reddit.com\/submit?url=www.lesrivelades.com\/index.php?rest_route=%2Fwp%2Fv2%2Fposts%2F348&title=Du 22 juillet au 23 ao\u00fbt, prenez l\u2019air au cin\u00e9ma de la Villette !','1410949501326','width=700,height=500,toolbar=0,menubar=0,location=0,status=1,scrollbars=1,resizable=1,left=0,top=0');return false;\" style=\"background-position: -300px -120px \"><\/a>\n\t\t\t\t\t<\/li>\n\t\t\t\t\t\t\t\t\t\t<li class=\"none nobackground \" >\n\n\t\t\t\t\t\t\t\t\t\t\t\t<a id=\"backforunical348\" href=\"http:\/\/www.bebo.com\/c\/share?Url=www.lesrivelades.com\/index.php?rest_route=%2Fwp%2Fv2%2Fposts%2F348\"  onclick=\"javascript:void window.open('http:\/\/www.bebo.com\/c\/share?Url=www.lesrivelades.com\/index.php?rest_route=%2Fwp%2Fv2%2Fposts%2F348','1410949501326','width=700,height=500,toolbar=0,menubar=0,location=0,status=1,scrollbars=1,resizable=1,left=0,top=0');return false;\" style=\"background-position: -330px -120px \"><\/a>\n\t\t\t\t\t<\/li>\n\t\t\t\t\t\t\t\t\t\t<li class=\"none nobackground \" >\n\n\t\t\t\t\t\t\t\t\t\t\t\t<a id=\"backforunical348\" href=\"https:\/\/delicious.com\/save?v=5&noui&jump=close&url=www.lesrivelades.com\/index.php?rest_route=%2Fwp%2Fv2%2Fposts%2F348&title=Du 22 juillet au 23 ao\u00fbt, prenez l\u2019air au cin\u00e9ma de la Villette !\"  onclick=\"javascript:void window.open('https:\/\/delicious.com\/save?v=5&noui&jump=close&url=www.lesrivelades.com\/index.php?rest_route=%2Fwp%2Fv2%2Fposts%2F348&title=Du 22 juillet au 23 ao\u00fbt, prenez l\u2019air au cin\u00e9ma de la Villette !','1410949501326','width=700,height=500,toolbar=0,menubar=0,location=0,status=1,scrollbars=1,resizable=1,left=0,top=0');return false;\" style=\"background-position: -360px -120px \"><\/a>\n\t\t\t\t\t<\/li>\n\t\t\t\t\t\t\t\t\t\t<li class=\"none nobackground \" >\n\n\t\t\t\t\t\t\t\t\t\t\t\t<a id=\"backforunical348\" href=\"http:\/\/www.odnoklassniki.ru\/dk?st.cmd=addShare&st.s=2&st.noresize=on&st._surl=www.lesrivelades.com\/index.php?rest_route=%2Fwp%2Fv2%2Fposts%2F348\"  onclick=\"javascript:void window.open('http:\/\/www.odnoklassniki.ru\/dk?st.cmd=addShare&st.s=2&st.noresize=on&st._surl=www.lesrivelades.com\/index.php?rest_route=%2Fwp%2Fv2%2Fposts%2F348','1410949501326','width=700,height=500,toolbar=0,menubar=0,location=0,status=1,scrollbars=1,resizable=1,left=0,top=0');return false;\" style=\"background-position: -390px -120px \"><\/a>\n\t\t\t\t\t<\/li>\n\t\t\t\t\t\t\t\t\t\t<li class=\"none nobackground \" >\n\n\t\t\t\t\t\t\t\t\t\t\t\t<a id=\"backforunical348\" href=\"http:\/\/sns.qzone.qq.com\/cgi-bin\/qzshare\/cgi_qzshare_onekey?url=www.lesrivelades.com\/index.php?rest_route=%2Fwp%2Fv2%2Fposts%2F348&title=Du 22 juillet au 23 ao\u00fbt, prenez l\u2019air au cin\u00e9ma de la Villette !\"  onclick=\"javascript:void window.open('http:\/\/sns.qzone.qq.com\/cgi-bin\/qzshare\/cgi_qzshare_onekey?url=www.lesrivelades.com\/index.php?rest_route=%2Fwp%2Fv2%2Fposts%2F348&title=Du 22 juillet au 23 ao\u00fbt, prenez l\u2019air au cin\u00e9ma de la Villette !','1410949501326','width=700,height=500,toolbar=0,menubar=0,location=0,status=1,scrollbars=1,resizable=1,left=0,top=0');return false;\" style=\"background-position: -420px -120px \"><\/a>\n\t\t\t\t\t<\/li>\n\t\t\t\t\t\t\t\t\t\t<li class=\"none nobackground \" >\n\n\t\t\t\t\t\t\t\t\t\t\t\t<a id=\"backforunical348\" href=\"http:\/\/service.weibo.com\/share\/share.php?url=www.lesrivelades.com\/index.php?rest_route=%2Fwp%2Fv2%2Fposts%2F348&appkey=&title=Du 22 juillet au 23 ao\u00fbt, prenez l\u2019air au cin\u00e9ma de la Villette !&pic=&ralateUid=&\"  onclick=\"javascript:void window.open('http:\/\/service.weibo.com\/share\/share.php?url=www.lesrivelades.com\/index.php?rest_route=%2Fwp%2Fv2%2Fposts%2F348&appkey=&title=Du 22 juillet au 23 ao\u00fbt, prenez l\u2019air au cin\u00e9ma de la Villette !&pic=&ralateUid=&','1410949501326','width=700,height=500,toolbar=0,menubar=0,location=0,status=1,scrollbars=1,resizable=1,left=0,top=0');return false;\" style=\"background-position: -450px -120px \"><\/a>\n\t\t\t\t\t<\/li>\n\t\t\t\t\t\t\t\t\t\t<li class=\"none nobackground \" >\n\n\t\t\t\t\t\t\t\t\t\t\t\t<a id=\"backforunical348\" href=\"http:\/\/widget.renren.com\/dialog\/share?resourceUrl=www.lesrivelades.com\/index.php?rest_route=%2Fwp%2Fv2%2Fposts%2F348&srcUrl=www.lesrivelades.com\/index.php?rest_route=%2Fwp%2Fv2%2Fposts%2F348&title=Du 22 juillet au 23 ao\u00fbt, prenez l\u2019air au cin\u00e9ma de la Villette !\"  onclick=\"javascript:void window.open('http:\/\/widget.renren.com\/dialog\/share?resourceUrl=www.lesrivelades.com\/index.php?rest_route=%2Fwp%2Fv2%2Fposts%2F348&srcUrl=www.lesrivelades.com\/index.php?rest_route=%2Fwp%2Fv2%2Fposts%2F348&title=Du 22 juillet au 23 ao\u00fbt, prenez l\u2019air au cin\u00e9ma de la Villette !','1410949501326','width=700,height=500,toolbar=0,menubar=0,location=0,status=1,scrollbars=1,resizable=1,left=0,top=0');return false;\" style=\"background-position: -480px -120px \"><\/a>\n\t\t\t\t\t<\/li>\n\t\t\t\t\t\t\t\t\t\t<li class=\"none nobackground \" >\n\n\t\t\t\t\t\t\t\t\t\t\t\t<a id=\"backforunical348\" href=\"http:\/\/n4g.com\/tips?url=www.lesrivelades.com\/index.php?rest_route=%2Fwp%2Fv2%2Fposts%2F348&title=Du 22 juillet au 23 ao\u00fbt, prenez l\u2019air au cin\u00e9ma de la Villette !\"  onclick=\"javascript:void window.open('http:\/\/n4g.com\/tips?url=www.lesrivelades.com\/index.php?rest_route=%2Fwp%2Fv2%2Fposts%2F348&title=Du 22 juillet au 23 ao\u00fbt, prenez l\u2019air au cin\u00e9ma de la Villette !','1410949501326','width=700,height=500,toolbar=0,menubar=0,location=0,status=1,scrollbars=1,resizable=1,left=0,top=0');return false;\" style=\"background-position: -510px -120px \"><\/a>\n\t\t\t\t\t<\/li>\n\t\t\t\t\t\t\t\t<\/ul>\n\t\t\t<div class=\"clear\"><\/div>\n\t\t<\/div>\n\t\t","protected":false},"excerpt":{"rendered":"<p>Cette semaine je vais vous proposer un bon plan gratuit \u00e0 faire sur Paris, il s\u2019agit du cin\u00e9ma en plein air de la Villette. Le traditionnel cin\u00e9ma en plein air reprend ses quartiers d\u2019\u00e9t\u00e9 du&hellip;<\/p>\n","protected":false},"author":1,"featured_media":0,"comment_status":"open","ping_status":"open","sticky":false,"template":"","format":"standard","meta":{"_exactmetrics_skip_tracking":false,"_exactmetrics_sitenote_active":false,"_exactmetrics_sitenote_note":"","_exactmetrics_sitenote_category":0,"footnotes":""},"categories":[234],"tags":[67,70,68,71,69],"class_list":["post-348","post","type-post","status-publish","format-standard","hentry","category-culture","tag-bon-plan-cine","tag-bon-plan-gratuit-a-paris","tag-cinema-en-plein-air","tag-cinema-en-plein-air-a-paris","tag-cinema-en-plein-air-lavillette-2015"],"_links":{"self":[{"href":"https:\/\/www.lesrivelades.com\/index.php?rest_route=\/wp\/v2\/posts\/348","targetHints":{"allow":["GET"]}}],"collection":[{"href":"https:\/\/www.lesrivelades.com\/index.php?rest_route=\/wp\/v2\/posts"}],"about":[{"href":"https:\/\/www.lesrivelades.com\/index.php?rest_route=\/wp\/v2\/types\/post"}],"author":[{"embeddable":true,"href":"https:\/\/www.lesrivelades.com\/index.php?rest_route=\/wp\/v2\/users\/1"}],"replies":[{"embeddable":true,"href":"https:\/\/www.lesrivelades.com\/index.php?rest_route=%2Fwp%2Fv2%2Fcomments&post=348"}],"version-history":[{"count":2,"href":"https:\/\/www.lesrivelades.com\/index.php?rest_route=\/wp\/v2\/posts\/348\/revisions"}],"predecessor-version":[{"id":351,"href":"https:\/\/www.lesrivelades.com\/index.php?rest_route=\/wp\/v2\/posts\/348\/revisions\/351"}],"wp:attachment":[{"href":"https:\/\/www.lesrivelades.com\/index.php?rest_route=%2Fwp%2Fv2%2Fmedia&parent=348"}],"wp:term":[{"taxonomy":"category","embeddable":true,"href":"https:\/\/www.lesrivelades.com\/index.php?rest_route=%2Fwp%2Fv2%2Fcategories&post=348"},{"taxonomy":"post_tag","embeddable":true,"href":"https:\/\/www.lesrivelades.com\/index.php?rest_route=%2Fwp%2Fv2%2Ftags&post=348"}],"curies":[{"name":"wp","href":"https:\/\/api.w.org\/{rel}","templated":true}]}}