{"id":417,"date":"2015-10-16T18:46:37","date_gmt":"2015-10-16T18:46:37","guid":{"rendered":"http:\/\/www.lesrivelades.com\/?p=417"},"modified":"2017-02-12T18:40:47","modified_gmt":"2017-02-12T18:40:47","slug":"le-salon-du-vintage-revient-ce-week-end-avec-une-retrospective-sur-la-saharienne-dyves-saint-laurent","status":"publish","type":"post","link":"https:\/\/www.lesrivelades.com\/?p=417","title":{"rendered":"Le salon du Vintage revient ce week-end avec une r\u00e9trospective sur la Saharienne d&#8217;Yves Saint Laurent"},"content":{"rendered":"<p>Le rendez-vous incontournable des fans du vintage revient ce week-end pour sa 18\u00e8me \u00e9dition et vous fait plonger au coeur des ann\u00e9es 70. Cette ann\u00e9e, le salon prend ses quartiers au Carreau du Temple et propose une r\u00e9trospective consacr\u00e9e \u00e0 la veste Saharienne d&#8217;Yves Saint Laurent.<\/p>\n<figure id=\"attachment_422\" aria-describedby=\"caption-attachment-422\" style=\"width: 208px\" class=\"wp-caption aligncenter\"><a href=\"http:\/\/www.lesrivelades.com\/wp-content\/uploads\/2015\/10\/IMG_7968.jpg\"><img loading=\"lazy\" decoding=\"async\" class=\"size-medium wp-image-422\" src=\"http:\/\/www.lesrivelades.com\/wp-content\/uploads\/2015\/10\/IMG_7968-208x300.jpg\" alt=\"Cr\u00e9dit photo : Salon du Vintage\" width=\"208\" height=\"300\" srcset=\"https:\/\/www.lesrivelades.com\/wp-content\/uploads\/2015\/10\/IMG_7968-208x300.jpg 208w, https:\/\/www.lesrivelades.com\/wp-content\/uploads\/2015\/10\/IMG_7968.jpg 550w\" sizes=\"auto, (max-width: 208px) 100vw, 208px\" \/><\/a><figcaption id=\"caption-attachment-422\" class=\"wp-caption-text\">Cr\u00e9dit photo : Salon du Vintage<\/figcaption><\/figure>\n<p>Ce samedi 17 et ce dimanche 18 octobre venez d\u00e9couvrir dans ce lieu mythique de 2000 m2, plus de 150 exposants mode, vinyles et accessoires, mobilier, etc. Cette ann\u00e9e le salon pr\u00e9sentera une exposition sur le th\u00e8me la <em>Collectionnite Aigu\u00eb<\/em> et le tout accompagn\u00e9 par un DJ set et d&#8217;animations beaut\u00e9.<\/p>\n<p><strong>Des expositions mises \u00e0 l&#8217;honneur\u00a0<\/strong><\/p>\n<ul>\n<li>Une r\u00e9trospective de 1969 \u00e0 1980 sur la d\u00e9clinaison de la fameuse veste Saharienne d&#8217;Yves Saint Laurent. Celle-ci sera pr\u00e9sent\u00e9e par Olivier Ch\u00e2tenet, le plus grand collectionneur de pi\u00e8ces d&#8217;YSL en France. Une occasion de r\u00eaver devant quelques belles pi\u00e8ces de ce grand cr\u00e9ateur.<\/li>\n<li>Une exposition d&#8217;assises iconiques des ann\u00e9es 60 aux ann\u00e9es 90 pr\u00e9sent\u00e9e par les deux fondateurs de la <a href=\"http:\/\/www.xxo.com\/\">galerie XXO<\/a>, collectionneurs de mobiliers depuis 20 ans. Vous y trouverez fauteuils et canap\u00e9s de Philippe Starck en autres.<\/li>\n<\/ul>\n<p>Venez donc d\u00e9couvrir l&#8217;univers des ann\u00e9es 70 et chiner des pi\u00e8ces uniques et de collection \u00e0 des prix attractifs.<\/p>\n<p><a href=\"http:\/\/www.lesrivelades.com\/wp-content\/uploads\/2015\/10\/FullSizeRender2.jpg\"><img loading=\"lazy\" decoding=\"async\" class=\" size-medium wp-image-421 aligncenter\" src=\"http:\/\/www.lesrivelades.com\/wp-content\/uploads\/2015\/10\/FullSizeRender2-206x300.jpg\" alt=\"FullSizeRender\" width=\"206\" height=\"300\" srcset=\"https:\/\/www.lesrivelades.com\/wp-content\/uploads\/2015\/10\/FullSizeRender2-206x300.jpg 206w, https:\/\/www.lesrivelades.com\/wp-content\/uploads\/2015\/10\/FullSizeRender2.jpg 616w\" sizes=\"auto, (max-width: 206px) 100vw, 206px\" \/><\/a><\/p>\n<p>&nbsp;<\/p>\n<p><strong>Infos pratiques<\/strong><\/p>\n<p><a href=\"http:\/\/salonduvintage.com\/\">Salon du Vintage\u00a0<\/a><\/p>\n<p>Samedi 17 et dimanche 18 octobre<\/p>\n<p><a href=\"http:\/\/www.carreaudutemple.eu\/\">Carreau du Temple<\/a><\/p>\n<p>4, rue Eug\u00e8ne Spuller &#8211; 75003 Paris<\/p>\n<p>Tarif : 6 euros<\/p>\n<p>&nbsp;<\/p>\n<p>&nbsp;<\/p>\n\n\t\t<style>\n\t\t\t.huge-it-share-buttons {\n\t\t\t\tborder:0px solid #0FB5D6;\n\t\t\t\tborder-radius:5px;\n\t\t\t\tbackground:#3BD8FF;\n\t\t\t text-align:left; \t\t\t\t\t\t\t\t\t}\n\n\t\t\t#huge-it-share-buttons-top {margin-bottom:0px;}\n\t\t\t#huge-it-share-buttons-bottom {margin-top:0px;}\n\n\t\t\t.huge-it-share-buttons h3 {\n\t\t\t\tfont-size:25px ;\n\t\t\t\tfont-family:Arial,Helvetica Neue,Helvetica,sans-serif;\n\t\t\t\tcolor:#666666;\n\n\t\t\tdisplay:block;\t\t\t\tline-height:25px ;\n\n\t\t\t text-align:left; \t\t\t\t\t\t\t\t\t}\n\n\t\t\t.huge-it-share-buttons ul {\n\t\t\t float:left; \t\t\t\t\t\t\t\t\t}\n\n\t\t\t.huge-it-share-buttons ul li {\n\t\t\t\tmargin-left:3px;\n\t\t\t\tmargin-right:3px;\n\t\t\t\tpadding:0px;\n\t\t\t\tborder:0px ridge #E6354C;\n\t\t\t\tborder-radius:11px;\n\t\t\t\tbackground-color:#14CC9B;\n\t\t\t}\n\n\t\t\t.huge-it-share-buttons ul li #backforunical417 {\n\t\t\t\tborder-bottom: 0;\n\t\t\t\tbackground-image:url('https:\/\/www.lesrivelades.com\/wp-content\/plugins\/wp-share-buttons\/Front_end\/..\/images\/buttons.30.png');\n\t\t\t\twidth:30px;\n\t\t\t\theight:30px;\n\t\t\t}\n\n\t\t\t.front-shares-count {\n\t\t\t\tposition: absolute;\n\t\t\t\ttext-align: center;\n\t\t\t\tdisplay: block;\n\t\t\t}\n\n\t\t\t.shares_size20 .front-shares-count {\n\t\t\t\tfont-size: 10px;\n\t\t\t\ttop: 10px;\n\t\t\t\twidth: 20px;\n\t\t\t}\n\n\t\t\t.shares_size30 .front-shares-count {\n\t\t\t\tfont-size: 11px;\n\t\t\t\ttop: 15px;\n\t\t\t\twidth: 30px;\n\t\t\t}\n\n\t\t\t.shares_size40 .front-shares-count {\n\t\t\t\tfont-size: 12px;\n\t\t\t\ttop: 21px;\n\t\t\t\twidth: 40px;\n\t\t\t}\n\t\t<\/style>\n\t\t\n\t\t<div id=\"huge-it-share-buttons-top\" class=\"huge-it-share-buttons nobackground\">\n\t\t\t<h3>Share This:<\/h3>\n\t\t\t<ul class=\"huge-it-share-buttons-list \">\n\t\t\t\t\t\t\t\t\t<li class=\"nobackground \" >\n\n\t\t\t\t\t\t\t\t\t\t\t\t<a id=\"backforunical417\" href=\"https:\/\/www.facebook.com\/sharer\/sharer.php?u=www.lesrivelades.com\/index.php?rest_route=%2Fwp%2Fv2%2Fposts%2F417\"  onclick=\"javascript:void window.open('https:\/\/www.facebook.com\/sharer\/sharer.php?u=www.lesrivelades.com\/index.php?rest_route=%2Fwp%2Fv2%2Fposts%2F417','1410949501326','width=700,height=500,toolbar=0,menubar=0,location=0,status=1,scrollbars=1,resizable=1,left=0,top=0');return false;\" style=\"background-position: -0px -120px \"><\/a>\n\t\t\t\t\t<\/li>\n\t\t\t\t\t\t\t\t\t\t<li class=\"nobackground \" >\n\n\t\t\t\t\t\t\t\t\t\t\t\t<a id=\"backforunical417\" href=\"https:\/\/twitter.com\/share?status=www.lesrivelades.com\/index.php?rest_route=%2Fwp%2Fv2%2Fposts%2F417&text=Le salon du Vintage revient ce week-end avec une r\u00e9trospective sur la Saharienne d&#8217;Yves Saint Laurent\"  onclick=\"javascript:void window.open('https:\/\/twitter.com\/share?status=www.lesrivelades.com\/index.php?rest_route=%2Fwp%2Fv2%2Fposts%2F417&text=Le salon du Vintage revient ce week-end avec une r\u00e9trospective sur la Saharienne d&#8217;Yves Saint Laurent','1410949501326','width=700,height=500,toolbar=0,menubar=0,location=0,status=1,scrollbars=1,resizable=1,left=0,top=0');return false;\" style=\"background-position: -30px -120px \"><\/a>\n\t\t\t\t\t<\/li>\n\t\t\t\t\t\t\t\t\t\t<li class=\"nobackground \" >\n\n\t\t\t\t\t\t\t\t\t\t\t\t<a id=\"backforunical417\" href=\"http:\/\/www.pinterest.com\/pin\/create\/button\/?url=www.lesrivelades.com\/index.php?rest_route=%2Fwp%2Fv2%2Fposts%2F417&media=https:\/\/www.lesrivelades.com\/wp-content\/plugins\/wp-share-buttons\/Front_end\/..\/images\/noimage.png&description=Le salon du Vintage revient ce week-end avec une r\u00e9trospective sur la Saharienne d&#8217;Yves Saint Laurent\"  onclick=\"javascript:void window.open('http:\/\/www.pinterest.com\/pin\/create\/button\/?url=www.lesrivelades.com\/index.php?rest_route=%2Fwp%2Fv2%2Fposts%2F417&media=https:\/\/www.lesrivelades.com\/wp-content\/plugins\/wp-share-buttons\/Front_end\/..\/images\/noimage.png&description=Le salon du Vintage revient ce week-end avec une r\u00e9trospective sur la Saharienne d&#8217;Yves Saint Laurent','1410949501326','width=700,height=500,toolbar=0,menubar=0,location=0,status=1,scrollbars=1,resizable=1,left=0,top=0');return false;\" style=\"background-position: -60px -120px \"><\/a>\n\t\t\t\t\t<\/li>\n\t\t\t\t\t\t\t\t\t\t<li class=\"nobackground \" >\n\n\t\t\t\t\t\t\t\t\t\t\t\t<a id=\"backforunical417\" href=\"https:\/\/plus.google.com\/share?url=www.lesrivelades.com\/index.php?rest_route=%2Fwp%2Fv2%2Fposts%2F417\"  onclick=\"javascript:void window.open('https:\/\/plus.google.com\/share?url=www.lesrivelades.com\/index.php?rest_route=%2Fwp%2Fv2%2Fposts%2F417','1410949501326','width=700,height=500,toolbar=0,menubar=0,location=0,status=1,scrollbars=1,resizable=1,left=0,top=0');return false;\" style=\"background-position: -90px -120px \"><\/a>\n\t\t\t\t\t<\/li>\n\t\t\t\t\t\t\t\t\t\t<li class=\"nobackground \" >\n\n\t\t\t\t\t\t\t\t\t\t\t\t<a id=\"backforunical417\" href=\"https:\/\/www.linkedin.com\/shareArticle?title=Le salon du Vintage revient ce week-end avec une r\u00e9trospective sur la Saharienne d&#8217;Yves Saint Laurent&mini=true&url=https:\/\/www.lesrivelades.com\/index.php?rest_route=%2Fwp%2Fv2%2Fposts%2F417\"  onclick=\"javascript:void window.open('https:\/\/www.linkedin.com\/shareArticle?title=Le salon du Vintage revient ce week-end avec une r\u00e9trospective sur la Saharienne d&#8217;Yves Saint Laurent&mini=true&url=https:\/\/www.lesrivelades.com\/index.php?rest_route=%2Fwp%2Fv2%2Fposts%2F417','1410949501326','width=700,height=500,toolbar=0,menubar=0,location=0,status=1,scrollbars=1,resizable=1,left=0,top=0');return false;\" style=\"background-position: -120px -120px \"><\/a>\n\t\t\t\t\t<\/li>\n\t\t\t\t\t\t\t\t\t\t<li class=\"nobackground \" >\n\n\t\t\t\t\t\t\t\t\t\t\t\t<a id=\"backforunical417\" href=\"https:\/\/www.tumblr.com\/share\/link?url=www.lesrivelades.com\/index.php?rest_route=%2Fwp%2Fv2%2Fposts%2F417&name=Le salon du Vintage revient ce week-end avec une r\u00e9trospective sur la Saharienne d&#8217;Yves Saint Laurent\"  onclick=\"javascript:void window.open('https:\/\/www.tumblr.com\/share\/link?url=www.lesrivelades.com\/index.php?rest_route=%2Fwp%2Fv2%2Fposts%2F417&name=Le salon du Vintage revient ce week-end avec une r\u00e9trospective sur la Saharienne d&#8217;Yves Saint Laurent','1410949501326','width=700,height=500,toolbar=0,menubar=0,location=0,status=1,scrollbars=1,resizable=1,left=0,top=0');return false;\" style=\"background-position: -150px -120px \"><\/a>\n\t\t\t\t\t<\/li>\n\t\t\t\t\t\t\t\t\t\t<li class=\"nobackground \" >\n\n\t\t\t\t\t\t\t\t\t\t\t\t<a id=\"backforunical417\" href=\"http:\/\/digg.com\/submit?phase=2&url=www.lesrivelades.com\/index.php?rest_route=%2Fwp%2Fv2%2Fposts%2F417&title=Le salon du Vintage revient ce week-end avec une r\u00e9trospective sur la Saharienne d&#8217;Yves Saint Laurent\"  onclick=\"javascript:void window.open('http:\/\/digg.com\/submit?phase=2&url=www.lesrivelades.com\/index.php?rest_route=%2Fwp%2Fv2%2Fposts%2F417&title=Le salon du Vintage revient ce week-end avec une r\u00e9trospective sur la Saharienne d&#8217;Yves Saint Laurent','1410949501326','width=700,height=500,toolbar=0,menubar=0,location=0,status=1,scrollbars=1,resizable=1,left=0,top=0');return false;\" style=\"background-position: -180px -120px \"><\/a>\n\t\t\t\t\t<\/li>\n\t\t\t\t\t\t\t\t\t\t<li class=\"nobackground \" >\n\n\t\t\t\t\t\t\t\t\t\t\t\t<a id=\"backforunical417\" href=\"http:\/\/www.stumbleupon.com\/submit?url=www.lesrivelades.com\/index.php?rest_route=%2Fwp%2Fv2%2Fposts%2F417&title=Le salon du Vintage revient ce week-end avec une r\u00e9trospective sur la Saharienne d&#8217;Yves Saint Laurent\"  onclick=\"javascript:void window.open('http:\/\/www.stumbleupon.com\/submit?url=www.lesrivelades.com\/index.php?rest_route=%2Fwp%2Fv2%2Fposts%2F417&title=Le salon du Vintage revient ce week-end avec une r\u00e9trospective sur la Saharienne d&#8217;Yves Saint Laurent','1410949501326','width=700,height=500,toolbar=0,menubar=0,location=0,status=1,scrollbars=1,resizable=1,left=0,top=0');return false;\" style=\"background-position: -210px -120px \"><\/a>\n\t\t\t\t\t<\/li>\n\t\t\t\t\t\t\t\t\t\t<li class=\"nobackground \" >\n\n\t\t\t\t\t\t\t\t\t\t\t\t<a id=\"backforunical417\" href=\"https:\/\/myspace.com\/post?l=3&u=www.lesrivelades.com\/index.php?rest_route=%2Fwp%2Fv2%2Fposts%2F417\"  onclick=\"javascript:void window.open('https:\/\/myspace.com\/post?l=3&u=www.lesrivelades.com\/index.php?rest_route=%2Fwp%2Fv2%2Fposts%2F417','1410949501326','width=700,height=500,toolbar=0,menubar=0,location=0,status=1,scrollbars=1,resizable=1,left=0,top=0');return false;\" style=\"background-position: -240px -120px \"><\/a>\n\t\t\t\t\t<\/li>\n\t\t\t\t\t\t\t\t\t\t<li class=\"nobackground \" >\n\n\t\t\t\t\t\t\t\t\t\t\t\t<a id=\"backforunical417\" href=\"http:\/\/vk.com\/share.php?url=www.lesrivelades.com\/index.php?rest_route=%2Fwp%2Fv2%2Fposts%2F417&title=Le salon du Vintage revient ce week-end avec une r\u00e9trospective sur la Saharienne d&#8217;Yves Saint Laurent\"  onclick=\"javascript:void window.open('http:\/\/vk.com\/share.php?url=www.lesrivelades.com\/index.php?rest_route=%2Fwp%2Fv2%2Fposts%2F417&title=Le salon du Vintage revient ce week-end avec une r\u00e9trospective sur la Saharienne d&#8217;Yves Saint Laurent','1410949501326','width=700,height=500,toolbar=0,menubar=0,location=0,status=1,scrollbars=1,resizable=1,left=0,top=0');return false;\" style=\"background-position: -270px -120px \"><\/a>\n\t\t\t\t\t<\/li>\n\t\t\t\t\t\t\t\t\t\t<li class=\"none nobackground \" >\n\n\t\t\t\t\t\t\t\t\t\t\t\t<a id=\"backforunical417\" href=\"http:\/\/www.reddit.com\/submit?url=www.lesrivelades.com\/index.php?rest_route=%2Fwp%2Fv2%2Fposts%2F417&title=Le salon du Vintage revient ce week-end avec une r\u00e9trospective sur la Saharienne d&#8217;Yves Saint Laurent\"  onclick=\"javascript:void window.open('http:\/\/www.reddit.com\/submit?url=www.lesrivelades.com\/index.php?rest_route=%2Fwp%2Fv2%2Fposts%2F417&title=Le salon du Vintage revient ce week-end avec une r\u00e9trospective sur la Saharienne d&#8217;Yves Saint Laurent','1410949501326','width=700,height=500,toolbar=0,menubar=0,location=0,status=1,scrollbars=1,resizable=1,left=0,top=0');return false;\" style=\"background-position: -300px -120px \"><\/a>\n\t\t\t\t\t<\/li>\n\t\t\t\t\t\t\t\t\t\t<li class=\"none nobackground \" >\n\n\t\t\t\t\t\t\t\t\t\t\t\t<a id=\"backforunical417\" href=\"http:\/\/www.bebo.com\/c\/share?Url=www.lesrivelades.com\/index.php?rest_route=%2Fwp%2Fv2%2Fposts%2F417\"  onclick=\"javascript:void window.open('http:\/\/www.bebo.com\/c\/share?Url=www.lesrivelades.com\/index.php?rest_route=%2Fwp%2Fv2%2Fposts%2F417','1410949501326','width=700,height=500,toolbar=0,menubar=0,location=0,status=1,scrollbars=1,resizable=1,left=0,top=0');return false;\" style=\"background-position: -330px -120px \"><\/a>\n\t\t\t\t\t<\/li>\n\t\t\t\t\t\t\t\t\t\t<li class=\"none nobackground \" >\n\n\t\t\t\t\t\t\t\t\t\t\t\t<a id=\"backforunical417\" href=\"https:\/\/delicious.com\/save?v=5&noui&jump=close&url=www.lesrivelades.com\/index.php?rest_route=%2Fwp%2Fv2%2Fposts%2F417&title=Le salon du Vintage revient ce week-end avec une r\u00e9trospective sur la Saharienne d&#8217;Yves Saint Laurent\"  onclick=\"javascript:void window.open('https:\/\/delicious.com\/save?v=5&noui&jump=close&url=www.lesrivelades.com\/index.php?rest_route=%2Fwp%2Fv2%2Fposts%2F417&title=Le salon du Vintage revient ce week-end avec une r\u00e9trospective sur la Saharienne d&#8217;Yves Saint Laurent','1410949501326','width=700,height=500,toolbar=0,menubar=0,location=0,status=1,scrollbars=1,resizable=1,left=0,top=0');return false;\" style=\"background-position: -360px -120px \"><\/a>\n\t\t\t\t\t<\/li>\n\t\t\t\t\t\t\t\t\t\t<li class=\"none nobackground \" >\n\n\t\t\t\t\t\t\t\t\t\t\t\t<a id=\"backforunical417\" href=\"http:\/\/www.odnoklassniki.ru\/dk?st.cmd=addShare&st.s=2&st.noresize=on&st._surl=www.lesrivelades.com\/index.php?rest_route=%2Fwp%2Fv2%2Fposts%2F417\"  onclick=\"javascript:void window.open('http:\/\/www.odnoklassniki.ru\/dk?st.cmd=addShare&st.s=2&st.noresize=on&st._surl=www.lesrivelades.com\/index.php?rest_route=%2Fwp%2Fv2%2Fposts%2F417','1410949501326','width=700,height=500,toolbar=0,menubar=0,location=0,status=1,scrollbars=1,resizable=1,left=0,top=0');return false;\" style=\"background-position: -390px -120px \"><\/a>\n\t\t\t\t\t<\/li>\n\t\t\t\t\t\t\t\t\t\t<li class=\"none nobackground \" >\n\n\t\t\t\t\t\t\t\t\t\t\t\t<a id=\"backforunical417\" href=\"http:\/\/sns.qzone.qq.com\/cgi-bin\/qzshare\/cgi_qzshare_onekey?url=www.lesrivelades.com\/index.php?rest_route=%2Fwp%2Fv2%2Fposts%2F417&title=Le salon du Vintage revient ce week-end avec une r\u00e9trospective sur la Saharienne d&#8217;Yves Saint Laurent\"  onclick=\"javascript:void window.open('http:\/\/sns.qzone.qq.com\/cgi-bin\/qzshare\/cgi_qzshare_onekey?url=www.lesrivelades.com\/index.php?rest_route=%2Fwp%2Fv2%2Fposts%2F417&title=Le salon du Vintage revient ce week-end avec une r\u00e9trospective sur la Saharienne d&#8217;Yves Saint Laurent','1410949501326','width=700,height=500,toolbar=0,menubar=0,location=0,status=1,scrollbars=1,resizable=1,left=0,top=0');return false;\" style=\"background-position: -420px -120px \"><\/a>\n\t\t\t\t\t<\/li>\n\t\t\t\t\t\t\t\t\t\t<li class=\"none nobackground \" >\n\n\t\t\t\t\t\t\t\t\t\t\t\t<a id=\"backforunical417\" href=\"http:\/\/service.weibo.com\/share\/share.php?url=www.lesrivelades.com\/index.php?rest_route=%2Fwp%2Fv2%2Fposts%2F417&appkey=&title=Le salon du Vintage revient ce week-end avec une r\u00e9trospective sur la Saharienne d&#8217;Yves Saint Laurent&pic=&ralateUid=&\"  onclick=\"javascript:void window.open('http:\/\/service.weibo.com\/share\/share.php?url=www.lesrivelades.com\/index.php?rest_route=%2Fwp%2Fv2%2Fposts%2F417&appkey=&title=Le salon du Vintage revient ce week-end avec une r\u00e9trospective sur la Saharienne d&#8217;Yves Saint Laurent&pic=&ralateUid=&','1410949501326','width=700,height=500,toolbar=0,menubar=0,location=0,status=1,scrollbars=1,resizable=1,left=0,top=0');return false;\" style=\"background-position: -450px -120px \"><\/a>\n\t\t\t\t\t<\/li>\n\t\t\t\t\t\t\t\t\t\t<li class=\"none nobackground \" >\n\n\t\t\t\t\t\t\t\t\t\t\t\t<a id=\"backforunical417\" href=\"http:\/\/widget.renren.com\/dialog\/share?resourceUrl=www.lesrivelades.com\/index.php?rest_route=%2Fwp%2Fv2%2Fposts%2F417&srcUrl=www.lesrivelades.com\/index.php?rest_route=%2Fwp%2Fv2%2Fposts%2F417&title=Le salon du Vintage revient ce week-end avec une r\u00e9trospective sur la Saharienne d&#8217;Yves Saint Laurent\"  onclick=\"javascript:void window.open('http:\/\/widget.renren.com\/dialog\/share?resourceUrl=www.lesrivelades.com\/index.php?rest_route=%2Fwp%2Fv2%2Fposts%2F417&srcUrl=www.lesrivelades.com\/index.php?rest_route=%2Fwp%2Fv2%2Fposts%2F417&title=Le salon du Vintage revient ce week-end avec une r\u00e9trospective sur la Saharienne d&#8217;Yves Saint Laurent','1410949501326','width=700,height=500,toolbar=0,menubar=0,location=0,status=1,scrollbars=1,resizable=1,left=0,top=0');return false;\" style=\"background-position: -480px -120px \"><\/a>\n\t\t\t\t\t<\/li>\n\t\t\t\t\t\t\t\t\t\t<li class=\"none nobackground \" >\n\n\t\t\t\t\t\t\t\t\t\t\t\t<a id=\"backforunical417\" href=\"http:\/\/n4g.com\/tips?url=www.lesrivelades.com\/index.php?rest_route=%2Fwp%2Fv2%2Fposts%2F417&title=Le salon du Vintage revient ce week-end avec une r\u00e9trospective sur la Saharienne d&#8217;Yves Saint Laurent\"  onclick=\"javascript:void window.open('http:\/\/n4g.com\/tips?url=www.lesrivelades.com\/index.php?rest_route=%2Fwp%2Fv2%2Fposts%2F417&title=Le salon du Vintage revient ce week-end avec une r\u00e9trospective sur la Saharienne d&#8217;Yves Saint Laurent','1410949501326','width=700,height=500,toolbar=0,menubar=0,location=0,status=1,scrollbars=1,resizable=1,left=0,top=0');return false;\" style=\"background-position: -510px -120px \"><\/a>\n\t\t\t\t\t<\/li>\n\t\t\t\t\t\t\t\t<\/ul>\n\t\t\t<div class=\"clear\"><\/div>\n\t\t<\/div>\n\t\t","protected":false},"excerpt":{"rendered":"<p>Le rendez-vous incontournable des fans du vintage revient ce week-end pour sa 18\u00e8me \u00e9dition et vous fait plonger au coeur des ann\u00e9es 70. Cette ann\u00e9e, le salon prend ses quartiers au Carreau du Temple et&hellip;<\/p>\n","protected":false},"author":1,"featured_media":0,"comment_status":"open","ping_status":"open","sticky":false,"template":"","format":"standard","meta":{"_exactmetrics_skip_tracking":false,"_exactmetrics_sitenote_active":false,"_exactmetrics_sitenote_note":"","_exactmetrics_sitenote_category":0,"footnotes":""},"categories":[236],"tags":[100,99,101,56],"class_list":["post-417","post","type-post","status-publish","format-standard","hentry","category-curiosites","tag-bon-plan-shopping-paris","tag-bon-plan-shopping-vintage","tag-evenement-carreau-du-temple","tag-salon-du-vintage"],"_links":{"self":[{"href":"https:\/\/www.lesrivelades.com\/index.php?rest_route=\/wp\/v2\/posts\/417","targetHints":{"allow":["GET"]}}],"collection":[{"href":"https:\/\/www.lesrivelades.com\/index.php?rest_route=\/wp\/v2\/posts"}],"about":[{"href":"https:\/\/www.lesrivelades.com\/index.php?rest_route=\/wp\/v2\/types\/post"}],"author":[{"embeddable":true,"href":"https:\/\/www.lesrivelades.com\/index.php?rest_route=\/wp\/v2\/users\/1"}],"replies":[{"embeddable":true,"href":"https:\/\/www.lesrivelades.com\/index.php?rest_route=%2Fwp%2Fv2%2Fcomments&post=417"}],"version-history":[{"count":4,"href":"https:\/\/www.lesrivelades.com\/index.php?rest_route=\/wp\/v2\/posts\/417\/revisions"}],"predecessor-version":[{"id":425,"href":"https:\/\/www.lesrivelades.com\/index.php?rest_route=\/wp\/v2\/posts\/417\/revisions\/425"}],"wp:attachment":[{"href":"https:\/\/www.lesrivelades.com\/index.php?rest_route=%2Fwp%2Fv2%2Fmedia&parent=417"}],"wp:term":[{"taxonomy":"category","embeddable":true,"href":"https:\/\/www.lesrivelades.com\/index.php?rest_route=%2Fwp%2Fv2%2Fcategories&post=417"},{"taxonomy":"post_tag","embeddable":true,"href":"https:\/\/www.lesrivelades.com\/index.php?rest_route=%2Fwp%2Fv2%2Ftags&post=417"}],"curies":[{"name":"wp","href":"https:\/\/api.w.org\/{rel}","templated":true}]}}