{"id":863,"date":"2016-07-01T22:12:32","date_gmt":"2016-07-01T22:12:32","guid":{"rendered":"http:\/\/www.lesrivelades.com\/?p=863"},"modified":"2017-02-12T18:25:27","modified_gmt":"2017-02-12T18:25:27","slug":"seydou-keita-1er-artiste-africain-honore-par-le-grand-palais","status":"publish","type":"post","link":"https:\/\/www.lesrivelades.com\/?p=863","title":{"rendered":"Seydou Ke\u00efta, 1er artiste africain honor\u00e9 par le Grand Palais"},"content":{"rendered":"<p>Du studio de Bamako, \u00e0 la salle d&#8217;exposition du Grand Palais, il n&#8217;y a qu&#8217;un pas ! Pour la premi\u00e8re fois de son histoire, le Grand Palais consacre une exposition monographique \u00e0 un artiste africain. Et c&#8217;est au p\u00e8re de la photographie malienne, Seydou\u00a0Ke\u00efta \u00a0que revient cet honneur.<\/p>\n<p><a href=\"http:\/\/www.lesrivelades.com\/wp-content\/uploads\/2016\/07\/IMG_9379-e1467410174802.jpg\"><img loading=\"lazy\" decoding=\"async\" class=\" wp-image-868 aligncenter\" src=\"http:\/\/www.lesrivelades.com\/wp-content\/uploads\/2016\/07\/IMG_9379-e1467410174802-768x1024.jpg\" alt=\"OLYMPUS DIGITAL CAMERA\" width=\"400\" height=\"533\" srcset=\"https:\/\/www.lesrivelades.com\/wp-content\/uploads\/2016\/07\/IMG_9379-e1467410174802-768x1024.jpg 768w, https:\/\/www.lesrivelades.com\/wp-content\/uploads\/2016\/07\/IMG_9379-e1467410174802-225x300.jpg 225w, https:\/\/www.lesrivelades.com\/wp-content\/uploads\/2016\/07\/IMG_9379-e1467410174802.jpg 1536w\" sizes=\"auto, (max-width: 400px) 100vw, 400px\" \/><\/a><\/p>\n<p>Depuis le 31 mars et ce jusqu&#8217;au 11 juillet prochain, les oeuvres du p\u00e8re de la photographie malienne, Seydou\u00a0Ke\u00efta (1921-2001) sont expos\u00e9es au Grand Palais. Une belle r\u00e9trospective qui revient sur le travail de ce photographe autodidacte, apprenti menuisier au d\u00e9part et qui re\u00e7u de la part de son oncle un petit appareil Kodak Brownie en 1935. D\u00e8s 1945, il se perfectionne aupr\u00e8s du photographe-instituteur Moutanga Demb\u00e9l\u00e9 et quelques ann\u00e9es plus tard, en 1948, il ouvre son propre studio dans la parcelle familiale situ\u00e9 dans un quartier populaire de Bamako.<\/p>\n<p><a href=\"http:\/\/www.lesrivelades.com\/wp-content\/uploads\/2016\/07\/IMG_9371-e1467410323125.jpg\"><img loading=\"lazy\" decoding=\"async\" class=\" wp-image-869 aligncenter\" src=\"http:\/\/www.lesrivelades.com\/wp-content\/uploads\/2016\/07\/IMG_9371-e1467410323125-768x1024.jpg\" alt=\"OLYMPUS DIGITAL CAMERA\" width=\"400\" height=\"533\" srcset=\"https:\/\/www.lesrivelades.com\/wp-content\/uploads\/2016\/07\/IMG_9371-e1467410323125-768x1024.jpg 768w, https:\/\/www.lesrivelades.com\/wp-content\/uploads\/2016\/07\/IMG_9371-e1467410323125-225x300.jpg 225w, https:\/\/www.lesrivelades.com\/wp-content\/uploads\/2016\/07\/IMG_9371-e1467410323125.jpg 1536w\" sizes=\"auto, (max-width: 400px) 100vw, 400px\" \/><\/a><\/p>\n<p>Le photographe conna\u00eet alors un succ\u00e8s imm\u00e9diat gr\u00e2ce \u00e0 ses mises en sc\u00e8ne et la qualit\u00e9 de ses tirages. Effectivement, Seydou\u00a0Ke\u00efta aimait pr\u00e9senter ses mod\u00e8les sous leur plus beau jour en leur proposant des accessoires occidentaux pris\u00e9s par la jeunesse de Bamako tels qu&#8217;un poste de radio, une Vespa, des lunettes ou encore une voiture. Le tout Bamako se presse alors chez lui, notamment la jeunesse urbaine qui devient sa principale client\u00e8le, mais aussi de nombreux voyageurs venant d&#8217;Afrique de l&#8217;ouest. Seydou Ke\u00efta r\u00e9alise l&#8217;essentiel de ses portraits en une seule prise.<\/p>\n<p><a href=\"http:\/\/www.lesrivelades.com\/wp-content\/uploads\/2016\/07\/IMG_9377.jpg\"><img loading=\"lazy\" decoding=\"async\" class=\" wp-image-870 aligncenter\" src=\"http:\/\/www.lesrivelades.com\/wp-content\/uploads\/2016\/07\/IMG_9377-1024x768.jpg\" alt=\"OLYMPUS DIGITAL CAMERA\" width=\"500\" height=\"375\" srcset=\"https:\/\/www.lesrivelades.com\/wp-content\/uploads\/2016\/07\/IMG_9377-1024x768.jpg 1024w, https:\/\/www.lesrivelades.com\/wp-content\/uploads\/2016\/07\/IMG_9377-300x225.jpg 300w, https:\/\/www.lesrivelades.com\/wp-content\/uploads\/2016\/07\/IMG_9377.jpg 2048w\" sizes=\"auto, (max-width: 500px) 100vw, 500px\" \/><\/a><\/p>\n<p>Cette r\u00e9trospective est organis\u00e9e chronologiquement, de 1949 \u00e0 1962, date \u00e0 laquelle il ferme son studio pour devenir le photographe officiel du gouvernement de Modibo Ke\u00efta, une des figures de l&#8217;ind\u00e9pendance du Mali. L&#8217;exposition est compos\u00e9e \u00e0 la fois de tirages argentiques d&#8217;\u00e9poque, mais aussi d&#8217;une importante collection de tirages argentiques modernes r\u00e9alis\u00e9es entre 1993 et 2011, et sign\u00e9 par Seydou Ke\u00efta.<\/p>\n<p><a href=\"http:\/\/www.lesrivelades.com\/wp-content\/uploads\/2016\/07\/IMG_9373-e1467410583527.jpg\"><img loading=\"lazy\" decoding=\"async\" class=\" wp-image-871 aligncenter\" src=\"http:\/\/www.lesrivelades.com\/wp-content\/uploads\/2016\/07\/IMG_9373-e1467410583527-768x1024.jpg\" alt=\"OLYMPUS DIGITAL CAMERA\" width=\"400\" height=\"533\" srcset=\"https:\/\/www.lesrivelades.com\/wp-content\/uploads\/2016\/07\/IMG_9373-e1467410583527-768x1024.jpg 768w, https:\/\/www.lesrivelades.com\/wp-content\/uploads\/2016\/07\/IMG_9373-e1467410583527-225x300.jpg 225w, https:\/\/www.lesrivelades.com\/wp-content\/uploads\/2016\/07\/IMG_9373-e1467410583527.jpg 1536w\" sizes=\"auto, (max-width: 400px) 100vw, 400px\" \/><\/a><\/p>\n<p>Mort \u00e0 Paris en 2001, le photographe Seydou Ke\u00efta marque la fin de l&#8217;\u00e9poque coloniale et ses codes de repr\u00e9sentation pour ouvrir l&#8217;\u00e8re d&#8217;une photographie africaine qui affirme son identit\u00e9. L\u00e0 o\u00f9 les &#8220;indig\u00e8nes&#8221; \u00e9taient repr\u00e9sent\u00e9s de face en tant qu&#8217;\u00e9chantillons anthropologiques d&#8217;une tribu, Seydou Ke\u00efta incarne le tournant en privil\u00e9giant des poses de trois-quarts et la diagonale pour magnifier des personnes et non des sujets. Il a toujours cherch\u00e9 \u00e0 donner d&#8217;eux la plus belle image et il est consid\u00e9r\u00e9 aujourd&#8217;hui comme l&#8217;un des plus grands portraitistes du XXe si\u00e8cle.<\/p>\n<p><a href=\"http:\/\/www.lesrivelades.com\/wp-content\/uploads\/2016\/07\/IMG_9381.jpg\"><img loading=\"lazy\" decoding=\"async\" class=\" wp-image-872 aligncenter\" src=\"http:\/\/www.lesrivelades.com\/wp-content\/uploads\/2016\/07\/IMG_9381-1024x768.jpg\" alt=\"OLYMPUS DIGITAL CAMERA\" width=\"500\" height=\"375\" srcset=\"https:\/\/www.lesrivelades.com\/wp-content\/uploads\/2016\/07\/IMG_9381-1024x768.jpg 1024w, https:\/\/www.lesrivelades.com\/wp-content\/uploads\/2016\/07\/IMG_9381-300x225.jpg 300w, https:\/\/www.lesrivelades.com\/wp-content\/uploads\/2016\/07\/IMG_9381.jpg 2048w\" sizes=\"auto, (max-width: 500px) 100vw, 500px\" \/><\/a><\/p>\n<p>&nbsp;<\/p>\n<p><strong>Infos pratiques \u00a0<\/strong><\/p>\n<p><a href=\"http:\/\/www.grandpalais.fr\/fr\/evenement\/seydou-keita\"><strong>Seydou\u00a0Ke\u00efta<\/strong><\/a><\/p>\n<p><a href=\"http:\/\/www.grandpalais.fr\/\">Le Grand Palais\u00a0<\/a><\/p>\n<p>Du 31 mars au 11 juillet<\/p>\n<p>Lundi, jeudi, vendredi, samedi, dimanche de 10h \u00e0 20h<\/p>\n<p>Nocturne le mercredi de 10h \u00e0 22h<\/p>\n<p>Plein tarif : 10<em>\u20ac<\/em><\/p>\n<p>Tarif r\u00e9duit : 7<em>\u20ac<\/em><\/p>\n<p>&nbsp;<\/p>\n<p><strong>\u00a0<\/strong><\/p>\n\n\t\t<style>\n\t\t\t.huge-it-share-buttons {\n\t\t\t\tborder:0px solid #0FB5D6;\n\t\t\t\tborder-radius:5px;\n\t\t\t\tbackground:#3BD8FF;\n\t\t\t text-align:left; \t\t\t\t\t\t\t\t\t}\n\n\t\t\t#huge-it-share-buttons-top {margin-bottom:0px;}\n\t\t\t#huge-it-share-buttons-bottom {margin-top:0px;}\n\n\t\t\t.huge-it-share-buttons h3 {\n\t\t\t\tfont-size:25px ;\n\t\t\t\tfont-family:Arial,Helvetica Neue,Helvetica,sans-serif;\n\t\t\t\tcolor:#666666;\n\n\t\t\tdisplay:block;\t\t\t\tline-height:25px ;\n\n\t\t\t text-align:left; \t\t\t\t\t\t\t\t\t}\n\n\t\t\t.huge-it-share-buttons ul {\n\t\t\t float:left; \t\t\t\t\t\t\t\t\t}\n\n\t\t\t.huge-it-share-buttons ul li {\n\t\t\t\tmargin-left:3px;\n\t\t\t\tmargin-right:3px;\n\t\t\t\tpadding:0px;\n\t\t\t\tborder:0px ridge #E6354C;\n\t\t\t\tborder-radius:11px;\n\t\t\t\tbackground-color:#14CC9B;\n\t\t\t}\n\n\t\t\t.huge-it-share-buttons ul li #backforunical863 {\n\t\t\t\tborder-bottom: 0;\n\t\t\t\tbackground-image:url('https:\/\/www.lesrivelades.com\/wp-content\/plugins\/wp-share-buttons\/Front_end\/..\/images\/buttons.30.png');\n\t\t\t\twidth:30px;\n\t\t\t\theight:30px;\n\t\t\t}\n\n\t\t\t.front-shares-count {\n\t\t\t\tposition: absolute;\n\t\t\t\ttext-align: center;\n\t\t\t\tdisplay: block;\n\t\t\t}\n\n\t\t\t.shares_size20 .front-shares-count {\n\t\t\t\tfont-size: 10px;\n\t\t\t\ttop: 10px;\n\t\t\t\twidth: 20px;\n\t\t\t}\n\n\t\t\t.shares_size30 .front-shares-count {\n\t\t\t\tfont-size: 11px;\n\t\t\t\ttop: 15px;\n\t\t\t\twidth: 30px;\n\t\t\t}\n\n\t\t\t.shares_size40 .front-shares-count {\n\t\t\t\tfont-size: 12px;\n\t\t\t\ttop: 21px;\n\t\t\t\twidth: 40px;\n\t\t\t}\n\t\t<\/style>\n\t\t\n\t\t<div id=\"huge-it-share-buttons-top\" class=\"huge-it-share-buttons nobackground\">\n\t\t\t<h3>Share This:<\/h3>\n\t\t\t<ul class=\"huge-it-share-buttons-list \">\n\t\t\t\t\t\t\t\t\t<li class=\"nobackground \" >\n\n\t\t\t\t\t\t\t\t\t\t\t\t<a id=\"backforunical863\" href=\"https:\/\/www.facebook.com\/sharer\/sharer.php?u=www.lesrivelades.com\/index.php?rest_route=%2Fwp%2Fv2%2Fposts%2F863\"  onclick=\"javascript:void window.open('https:\/\/www.facebook.com\/sharer\/sharer.php?u=www.lesrivelades.com\/index.php?rest_route=%2Fwp%2Fv2%2Fposts%2F863','1410949501326','width=700,height=500,toolbar=0,menubar=0,location=0,status=1,scrollbars=1,resizable=1,left=0,top=0');return false;\" style=\"background-position: -0px -120px \"><\/a>\n\t\t\t\t\t<\/li>\n\t\t\t\t\t\t\t\t\t\t<li class=\"nobackground \" >\n\n\t\t\t\t\t\t\t\t\t\t\t\t<a id=\"backforunical863\" href=\"https:\/\/twitter.com\/share?status=www.lesrivelades.com\/index.php?rest_route=%2Fwp%2Fv2%2Fposts%2F863&text=Seydou Ke\u00efta, 1er artiste africain honor\u00e9 par le Grand Palais\"  onclick=\"javascript:void window.open('https:\/\/twitter.com\/share?status=www.lesrivelades.com\/index.php?rest_route=%2Fwp%2Fv2%2Fposts%2F863&text=Seydou Ke\u00efta, 1er artiste africain honor\u00e9 par le Grand Palais','1410949501326','width=700,height=500,toolbar=0,menubar=0,location=0,status=1,scrollbars=1,resizable=1,left=0,top=0');return false;\" style=\"background-position: -30px -120px \"><\/a>\n\t\t\t\t\t<\/li>\n\t\t\t\t\t\t\t\t\t\t<li class=\"nobackground \" >\n\n\t\t\t\t\t\t\t\t\t\t\t\t<a id=\"backforunical863\" href=\"http:\/\/www.pinterest.com\/pin\/create\/button\/?url=www.lesrivelades.com\/index.php?rest_route=%2Fwp%2Fv2%2Fposts%2F863&media=https:\/\/www.lesrivelades.com\/wp-content\/plugins\/wp-share-buttons\/Front_end\/..\/images\/noimage.png&description=Seydou Ke\u00efta, 1er artiste africain honor\u00e9 par le Grand Palais\"  onclick=\"javascript:void window.open('http:\/\/www.pinterest.com\/pin\/create\/button\/?url=www.lesrivelades.com\/index.php?rest_route=%2Fwp%2Fv2%2Fposts%2F863&media=https:\/\/www.lesrivelades.com\/wp-content\/plugins\/wp-share-buttons\/Front_end\/..\/images\/noimage.png&description=Seydou Ke\u00efta, 1er artiste africain honor\u00e9 par le Grand Palais','1410949501326','width=700,height=500,toolbar=0,menubar=0,location=0,status=1,scrollbars=1,resizable=1,left=0,top=0');return false;\" style=\"background-position: -60px -120px \"><\/a>\n\t\t\t\t\t<\/li>\n\t\t\t\t\t\t\t\t\t\t<li class=\"nobackground \" >\n\n\t\t\t\t\t\t\t\t\t\t\t\t<a id=\"backforunical863\" href=\"https:\/\/plus.google.com\/share?url=www.lesrivelades.com\/index.php?rest_route=%2Fwp%2Fv2%2Fposts%2F863\"  onclick=\"javascript:void window.open('https:\/\/plus.google.com\/share?url=www.lesrivelades.com\/index.php?rest_route=%2Fwp%2Fv2%2Fposts%2F863','1410949501326','width=700,height=500,toolbar=0,menubar=0,location=0,status=1,scrollbars=1,resizable=1,left=0,top=0');return false;\" style=\"background-position: -90px -120px \"><\/a>\n\t\t\t\t\t<\/li>\n\t\t\t\t\t\t\t\t\t\t<li class=\"nobackground \" >\n\n\t\t\t\t\t\t\t\t\t\t\t\t<a id=\"backforunical863\" href=\"https:\/\/www.linkedin.com\/shareArticle?title=Seydou Ke\u00efta, 1er artiste africain honor\u00e9 par le Grand Palais&mini=true&url=https:\/\/www.lesrivelades.com\/index.php?rest_route=%2Fwp%2Fv2%2Fposts%2F863\"  onclick=\"javascript:void window.open('https:\/\/www.linkedin.com\/shareArticle?title=Seydou Ke\u00efta, 1er artiste africain honor\u00e9 par le Grand Palais&mini=true&url=https:\/\/www.lesrivelades.com\/index.php?rest_route=%2Fwp%2Fv2%2Fposts%2F863','1410949501326','width=700,height=500,toolbar=0,menubar=0,location=0,status=1,scrollbars=1,resizable=1,left=0,top=0');return false;\" style=\"background-position: -120px -120px \"><\/a>\n\t\t\t\t\t<\/li>\n\t\t\t\t\t\t\t\t\t\t<li class=\"nobackground \" >\n\n\t\t\t\t\t\t\t\t\t\t\t\t<a id=\"backforunical863\" href=\"https:\/\/www.tumblr.com\/share\/link?url=www.lesrivelades.com\/index.php?rest_route=%2Fwp%2Fv2%2Fposts%2F863&name=Seydou Ke\u00efta, 1er artiste africain honor\u00e9 par le Grand Palais\"  onclick=\"javascript:void window.open('https:\/\/www.tumblr.com\/share\/link?url=www.lesrivelades.com\/index.php?rest_route=%2Fwp%2Fv2%2Fposts%2F863&name=Seydou Ke\u00efta, 1er artiste africain honor\u00e9 par le Grand Palais','1410949501326','width=700,height=500,toolbar=0,menubar=0,location=0,status=1,scrollbars=1,resizable=1,left=0,top=0');return false;\" style=\"background-position: -150px -120px \"><\/a>\n\t\t\t\t\t<\/li>\n\t\t\t\t\t\t\t\t\t\t<li class=\"nobackground \" >\n\n\t\t\t\t\t\t\t\t\t\t\t\t<a id=\"backforunical863\" href=\"http:\/\/digg.com\/submit?phase=2&url=www.lesrivelades.com\/index.php?rest_route=%2Fwp%2Fv2%2Fposts%2F863&title=Seydou Ke\u00efta, 1er artiste africain honor\u00e9 par le Grand Palais\"  onclick=\"javascript:void window.open('http:\/\/digg.com\/submit?phase=2&url=www.lesrivelades.com\/index.php?rest_route=%2Fwp%2Fv2%2Fposts%2F863&title=Seydou Ke\u00efta, 1er artiste africain honor\u00e9 par le Grand Palais','1410949501326','width=700,height=500,toolbar=0,menubar=0,location=0,status=1,scrollbars=1,resizable=1,left=0,top=0');return false;\" style=\"background-position: -180px -120px \"><\/a>\n\t\t\t\t\t<\/li>\n\t\t\t\t\t\t\t\t\t\t<li class=\"nobackground \" >\n\n\t\t\t\t\t\t\t\t\t\t\t\t<a id=\"backforunical863\" href=\"http:\/\/www.stumbleupon.com\/submit?url=www.lesrivelades.com\/index.php?rest_route=%2Fwp%2Fv2%2Fposts%2F863&title=Seydou Ke\u00efta, 1er artiste africain honor\u00e9 par le Grand Palais\"  onclick=\"javascript:void window.open('http:\/\/www.stumbleupon.com\/submit?url=www.lesrivelades.com\/index.php?rest_route=%2Fwp%2Fv2%2Fposts%2F863&title=Seydou Ke\u00efta, 1er artiste africain honor\u00e9 par le Grand Palais','1410949501326','width=700,height=500,toolbar=0,menubar=0,location=0,status=1,scrollbars=1,resizable=1,left=0,top=0');return false;\" style=\"background-position: -210px -120px \"><\/a>\n\t\t\t\t\t<\/li>\n\t\t\t\t\t\t\t\t\t\t<li class=\"nobackground \" >\n\n\t\t\t\t\t\t\t\t\t\t\t\t<a id=\"backforunical863\" href=\"https:\/\/myspace.com\/post?l=3&u=www.lesrivelades.com\/index.php?rest_route=%2Fwp%2Fv2%2Fposts%2F863\"  onclick=\"javascript:void window.open('https:\/\/myspace.com\/post?l=3&u=www.lesrivelades.com\/index.php?rest_route=%2Fwp%2Fv2%2Fposts%2F863','1410949501326','width=700,height=500,toolbar=0,menubar=0,location=0,status=1,scrollbars=1,resizable=1,left=0,top=0');return false;\" style=\"background-position: -240px -120px \"><\/a>\n\t\t\t\t\t<\/li>\n\t\t\t\t\t\t\t\t\t\t<li class=\"nobackground \" >\n\n\t\t\t\t\t\t\t\t\t\t\t\t<a id=\"backforunical863\" href=\"http:\/\/vk.com\/share.php?url=www.lesrivelades.com\/index.php?rest_route=%2Fwp%2Fv2%2Fposts%2F863&title=Seydou Ke\u00efta, 1er artiste africain honor\u00e9 par le Grand Palais\"  onclick=\"javascript:void window.open('http:\/\/vk.com\/share.php?url=www.lesrivelades.com\/index.php?rest_route=%2Fwp%2Fv2%2Fposts%2F863&title=Seydou Ke\u00efta, 1er artiste africain honor\u00e9 par le Grand Palais','1410949501326','width=700,height=500,toolbar=0,menubar=0,location=0,status=1,scrollbars=1,resizable=1,left=0,top=0');return false;\" style=\"background-position: -270px -120px \"><\/a>\n\t\t\t\t\t<\/li>\n\t\t\t\t\t\t\t\t\t\t<li class=\"none nobackground \" >\n\n\t\t\t\t\t\t\t\t\t\t\t\t<a id=\"backforunical863\" href=\"http:\/\/www.reddit.com\/submit?url=www.lesrivelades.com\/index.php?rest_route=%2Fwp%2Fv2%2Fposts%2F863&title=Seydou Ke\u00efta, 1er artiste africain honor\u00e9 par le Grand Palais\"  onclick=\"javascript:void window.open('http:\/\/www.reddit.com\/submit?url=www.lesrivelades.com\/index.php?rest_route=%2Fwp%2Fv2%2Fposts%2F863&title=Seydou Ke\u00efta, 1er artiste africain honor\u00e9 par le Grand Palais','1410949501326','width=700,height=500,toolbar=0,menubar=0,location=0,status=1,scrollbars=1,resizable=1,left=0,top=0');return false;\" style=\"background-position: -300px -120px \"><\/a>\n\t\t\t\t\t<\/li>\n\t\t\t\t\t\t\t\t\t\t<li class=\"none nobackground \" >\n\n\t\t\t\t\t\t\t\t\t\t\t\t<a id=\"backforunical863\" href=\"http:\/\/www.bebo.com\/c\/share?Url=www.lesrivelades.com\/index.php?rest_route=%2Fwp%2Fv2%2Fposts%2F863\"  onclick=\"javascript:void window.open('http:\/\/www.bebo.com\/c\/share?Url=www.lesrivelades.com\/index.php?rest_route=%2Fwp%2Fv2%2Fposts%2F863','1410949501326','width=700,height=500,toolbar=0,menubar=0,location=0,status=1,scrollbars=1,resizable=1,left=0,top=0');return false;\" style=\"background-position: -330px -120px \"><\/a>\n\t\t\t\t\t<\/li>\n\t\t\t\t\t\t\t\t\t\t<li class=\"none nobackground \" >\n\n\t\t\t\t\t\t\t\t\t\t\t\t<a id=\"backforunical863\" href=\"https:\/\/delicious.com\/save?v=5&noui&jump=close&url=www.lesrivelades.com\/index.php?rest_route=%2Fwp%2Fv2%2Fposts%2F863&title=Seydou Ke\u00efta, 1er artiste africain honor\u00e9 par le Grand Palais\"  onclick=\"javascript:void window.open('https:\/\/delicious.com\/save?v=5&noui&jump=close&url=www.lesrivelades.com\/index.php?rest_route=%2Fwp%2Fv2%2Fposts%2F863&title=Seydou Ke\u00efta, 1er artiste africain honor\u00e9 par le Grand Palais','1410949501326','width=700,height=500,toolbar=0,menubar=0,location=0,status=1,scrollbars=1,resizable=1,left=0,top=0');return false;\" style=\"background-position: -360px -120px \"><\/a>\n\t\t\t\t\t<\/li>\n\t\t\t\t\t\t\t\t\t\t<li class=\"none nobackground \" >\n\n\t\t\t\t\t\t\t\t\t\t\t\t<a id=\"backforunical863\" href=\"http:\/\/www.odnoklassniki.ru\/dk?st.cmd=addShare&st.s=2&st.noresize=on&st._surl=www.lesrivelades.com\/index.php?rest_route=%2Fwp%2Fv2%2Fposts%2F863\"  onclick=\"javascript:void window.open('http:\/\/www.odnoklassniki.ru\/dk?st.cmd=addShare&st.s=2&st.noresize=on&st._surl=www.lesrivelades.com\/index.php?rest_route=%2Fwp%2Fv2%2Fposts%2F863','1410949501326','width=700,height=500,toolbar=0,menubar=0,location=0,status=1,scrollbars=1,resizable=1,left=0,top=0');return false;\" style=\"background-position: -390px -120px \"><\/a>\n\t\t\t\t\t<\/li>\n\t\t\t\t\t\t\t\t\t\t<li class=\"none nobackground \" >\n\n\t\t\t\t\t\t\t\t\t\t\t\t<a id=\"backforunical863\" href=\"http:\/\/sns.qzone.qq.com\/cgi-bin\/qzshare\/cgi_qzshare_onekey?url=www.lesrivelades.com\/index.php?rest_route=%2Fwp%2Fv2%2Fposts%2F863&title=Seydou Ke\u00efta, 1er artiste africain honor\u00e9 par le Grand Palais\"  onclick=\"javascript:void window.open('http:\/\/sns.qzone.qq.com\/cgi-bin\/qzshare\/cgi_qzshare_onekey?url=www.lesrivelades.com\/index.php?rest_route=%2Fwp%2Fv2%2Fposts%2F863&title=Seydou Ke\u00efta, 1er artiste africain honor\u00e9 par le Grand Palais','1410949501326','width=700,height=500,toolbar=0,menubar=0,location=0,status=1,scrollbars=1,resizable=1,left=0,top=0');return false;\" style=\"background-position: -420px -120px \"><\/a>\n\t\t\t\t\t<\/li>\n\t\t\t\t\t\t\t\t\t\t<li class=\"none nobackground \" >\n\n\t\t\t\t\t\t\t\t\t\t\t\t<a id=\"backforunical863\" href=\"http:\/\/service.weibo.com\/share\/share.php?url=www.lesrivelades.com\/index.php?rest_route=%2Fwp%2Fv2%2Fposts%2F863&appkey=&title=Seydou Ke\u00efta, 1er artiste africain honor\u00e9 par le Grand Palais&pic=&ralateUid=&\"  onclick=\"javascript:void window.open('http:\/\/service.weibo.com\/share\/share.php?url=www.lesrivelades.com\/index.php?rest_route=%2Fwp%2Fv2%2Fposts%2F863&appkey=&title=Seydou Ke\u00efta, 1er artiste africain honor\u00e9 par le Grand Palais&pic=&ralateUid=&','1410949501326','width=700,height=500,toolbar=0,menubar=0,location=0,status=1,scrollbars=1,resizable=1,left=0,top=0');return false;\" style=\"background-position: -450px -120px \"><\/a>\n\t\t\t\t\t<\/li>\n\t\t\t\t\t\t\t\t\t\t<li class=\"none nobackground \" >\n\n\t\t\t\t\t\t\t\t\t\t\t\t<a id=\"backforunical863\" href=\"http:\/\/widget.renren.com\/dialog\/share?resourceUrl=www.lesrivelades.com\/index.php?rest_route=%2Fwp%2Fv2%2Fposts%2F863&srcUrl=www.lesrivelades.com\/index.php?rest_route=%2Fwp%2Fv2%2Fposts%2F863&title=Seydou Ke\u00efta, 1er artiste africain honor\u00e9 par le Grand Palais\"  onclick=\"javascript:void window.open('http:\/\/widget.renren.com\/dialog\/share?resourceUrl=www.lesrivelades.com\/index.php?rest_route=%2Fwp%2Fv2%2Fposts%2F863&srcUrl=www.lesrivelades.com\/index.php?rest_route=%2Fwp%2Fv2%2Fposts%2F863&title=Seydou Ke\u00efta, 1er artiste africain honor\u00e9 par le Grand Palais','1410949501326','width=700,height=500,toolbar=0,menubar=0,location=0,status=1,scrollbars=1,resizable=1,left=0,top=0');return false;\" style=\"background-position: -480px -120px \"><\/a>\n\t\t\t\t\t<\/li>\n\t\t\t\t\t\t\t\t\t\t<li class=\"none nobackground \" >\n\n\t\t\t\t\t\t\t\t\t\t\t\t<a id=\"backforunical863\" href=\"http:\/\/n4g.com\/tips?url=www.lesrivelades.com\/index.php?rest_route=%2Fwp%2Fv2%2Fposts%2F863&title=Seydou Ke\u00efta, 1er artiste africain honor\u00e9 par le Grand Palais\"  onclick=\"javascript:void window.open('http:\/\/n4g.com\/tips?url=www.lesrivelades.com\/index.php?rest_route=%2Fwp%2Fv2%2Fposts%2F863&title=Seydou Ke\u00efta, 1er artiste africain honor\u00e9 par le Grand Palais','1410949501326','width=700,height=500,toolbar=0,menubar=0,location=0,status=1,scrollbars=1,resizable=1,left=0,top=0');return false;\" style=\"background-position: -510px -120px \"><\/a>\n\t\t\t\t\t<\/li>\n\t\t\t\t\t\t\t\t<\/ul>\n\t\t\t<div class=\"clear\"><\/div>\n\t\t<\/div>\n\t\t","protected":false},"excerpt":{"rendered":"<p>Du studio de Bamako, \u00e0 la salle d&#8217;exposition du Grand Palais, il n&#8217;y a qu&#8217;un pas ! Pour la premi\u00e8re fois de son histoire, le Grand Palais consacre une exposition monographique \u00e0 un artiste africain.&hellip;<\/p>\n","protected":false},"author":1,"featured_media":0,"comment_status":"open","ping_status":"open","sticky":false,"template":"","format":"standard","meta":{"_exactmetrics_skip_tracking":false,"_exactmetrics_sitenote_active":false,"_exactmetrics_sitenote_note":"","_exactmetrics_sitenote_category":0,"footnotes":""},"categories":[234],"tags":[191,162,190],"class_list":["post-863","post","type-post","status-publish","format-standard","hentry","category-culture","tag-expo-grand-palais","tag-expos-a-paris","tag-exposition-seydou-keita"],"_links":{"self":[{"href":"https:\/\/www.lesrivelades.com\/index.php?rest_route=\/wp\/v2\/posts\/863","targetHints":{"allow":["GET"]}}],"collection":[{"href":"https:\/\/www.lesrivelades.com\/index.php?rest_route=\/wp\/v2\/posts"}],"about":[{"href":"https:\/\/www.lesrivelades.com\/index.php?rest_route=\/wp\/v2\/types\/post"}],"author":[{"embeddable":true,"href":"https:\/\/www.lesrivelades.com\/index.php?rest_route=\/wp\/v2\/users\/1"}],"replies":[{"embeddable":true,"href":"https:\/\/www.lesrivelades.com\/index.php?rest_route=%2Fwp%2Fv2%2Fcomments&post=863"}],"version-history":[{"count":5,"href":"https:\/\/www.lesrivelades.com\/index.php?rest_route=\/wp\/v2\/posts\/863\/revisions"}],"predecessor-version":[{"id":873,"href":"https:\/\/www.lesrivelades.com\/index.php?rest_route=\/wp\/v2\/posts\/863\/revisions\/873"}],"wp:attachment":[{"href":"https:\/\/www.lesrivelades.com\/index.php?rest_route=%2Fwp%2Fv2%2Fmedia&parent=863"}],"wp:term":[{"taxonomy":"category","embeddable":true,"href":"https:\/\/www.lesrivelades.com\/index.php?rest_route=%2Fwp%2Fv2%2Fcategories&post=863"},{"taxonomy":"post_tag","embeddable":true,"href":"https:\/\/www.lesrivelades.com\/index.php?rest_route=%2Fwp%2Fv2%2Ftags&post=863"}],"curies":[{"name":"wp","href":"https:\/\/api.w.org\/{rel}","templated":true}]}}